{"id":2874,"date":"2020-09-10T09:26:09","date_gmt":"2020-09-10T12:26:09","guid":{"rendered":"http:\/\/revistaguay.fahce.unlp.edu.ar\/?p=2874"},"modified":"2020-12-03T01:45:56","modified_gmt":"2020-12-03T04:45:56","slug":"desierto-sonoro-de-luiselli","status":"publish","type":"post","link":"https:\/\/revistaguay.fahce.unlp.edu.ar\/index.php\/2020\/09\/10\/desierto-sonoro-de-luiselli\/","title":{"rendered":"Desierto Sonoro, de Luiselli"},"content":{"rendered":"\t\t<div data-elementor-type=\"wp-post\" data-elementor-id=\"2874\" class=\"elementor elementor-2874\" data-elementor-post-type=\"post\">\n\t\t\t\t\t\t\t\t\t<section class=\"elementor-section elementor-top-section elementor-element elementor-element-79a92ce elementor-section-boxed elementor-section-height-default elementor-section-height-default\" data-id=\"79a92ce\" data-element_type=\"section\">\n\t\t\t\t\t\t<div class=\"elementor-container elementor-column-gap-default\">\n\t\t\t\t\t<div class=\"elementor-column elementor-col-100 elementor-top-column elementor-element elementor-element-2dcf1a9\" data-id=\"2dcf1a9\" data-element_type=\"column\">\n\t\t\t<div class=\"elementor-widget-wrap elementor-element-populated\">\n\t\t\t\t\t\t\t\t<div class=\"elementor-element elementor-element-0a1f12f elementor-widget-divider--view-line elementor-widget elementor-widget-divider\" data-id=\"0a1f12f\" data-element_type=\"widget\" data-widget_type=\"divider.default\">\n\t\t\t\t<div class=\"elementor-widget-container\">\n\t\t\t\t\t<div class=\"elementor-divider\">\n\t\t\t<span class=\"elementor-divider-separator\">\n\t\t\t\t\t\t<\/span>\n\t\t<\/div>\n\t\t\t\t<\/div>\n\t\t\t\t<\/div>\n\t\t\t\t\t<\/div>\n\t\t<\/div>\n\t\t\t\t\t\t\t<\/div>\n\t\t<\/section>\n\t\t\t\t<section class=\"elementor-section elementor-top-section elementor-element elementor-element-1d8cbf6 elementor-section-boxed elementor-section-height-default elementor-section-height-default\" data-id=\"1d8cbf6\" data-element_type=\"section\">\n\t\t\t\t\t\t<div class=\"elementor-container elementor-column-gap-default\">\n\t\t\t\t\t<div class=\"elementor-column elementor-col-100 elementor-top-column elementor-element elementor-element-726f94e\" data-id=\"726f94e\" data-element_type=\"column\">\n\t\t\t<div class=\"elementor-widget-wrap elementor-element-populated\">\n\t\t\t\t\t\t\t\t<div class=\"elementor-element elementor-element-99fb8a6 elementor-widget elementor-widget-spacer\" data-id=\"99fb8a6\" data-element_type=\"widget\" data-widget_type=\"spacer.default\">\n\t\t\t\t<div class=\"elementor-widget-container\">\n\t\t\t\t\t<div class=\"elementor-spacer\">\n\t\t\t<div class=\"elementor-spacer-inner\"><\/div>\n\t\t<\/div>\n\t\t\t\t<\/div>\n\t\t\t\t<\/div>\n\t\t\t\t\t<\/div>\n\t\t<\/div>\n\t\t\t\t\t\t\t<\/div>\n\t\t<\/section>\n\t\t\t\t<section class=\"elementor-section elementor-top-section elementor-element elementor-element-baa456f elementor-section-boxed elementor-section-height-default elementor-section-height-default\" data-id=\"baa456f\" data-element_type=\"section\">\n\t\t\t\t\t\t<div class=\"elementor-container elementor-column-gap-default\">\n\t\t\t\t\t<div class=\"elementor-column elementor-col-33 elementor-top-column elementor-element elementor-element-8de0cb3\" data-id=\"8de0cb3\" data-element_type=\"column\">\n\t\t\t<div class=\"elementor-widget-wrap elementor-element-populated\">\n\t\t\t\t\t\t\t\t<div class=\"elementor-element elementor-element-5bcdb6e elementor-widget elementor-widget-html\" data-id=\"5bcdb6e\" data-element_type=\"widget\" data-widget_type=\"html.default\">\n\t\t\t\t<div class=\"elementor-widget-container\">\n\t\t\t<a class=img style=\"display:scroll;\nposition:fixed; bottom:00 px; right:1400px;\" href='https:\/\/revistaguay.fahce.unlp.edu.ar\/index.php\/home-11'><img src='https:\/\/revistaguay.fahce.unlp.edu.ar\/wp-content\/uploads\/2019\/04\/flecha.png' border=\"0\"\/><\/a>\n\t\t<\/div>\n\t\t\t\t<\/div>\n\t\t\t\t\t<\/div>\n\t\t<\/div>\n\t\t\t\t<div class=\"elementor-column elementor-col-33 elementor-top-column elementor-element elementor-element-f70592e\" data-id=\"f70592e\" data-element_type=\"column\">\n\t\t\t<div class=\"elementor-widget-wrap elementor-element-populated\">\n\t\t\t\t\t\t\t\t<div class=\"elementor-element elementor-element-146461a elementor-widget elementor-widget-heading\" data-id=\"146461a\" data-element_type=\"widget\" data-widget_type=\"heading.default\">\n\t\t\t\t<div class=\"elementor-widget-container\">\n\t\t\t<h2 class=\"elementor-heading-title elementor-size-default\"><font color=\"#b31e1f\">NOVELA<br><\/font><p style=\"\"><font color=\"#b31e1f\">\n<\/font>LEANDRO STAGNO<span style=\"color: rgb(110, 193, 228); font-style: inherit; letter-spacing: 4.2px; font-style: inherit; letter-spacing: 4.2px;\"><\/span><\/p><br><\/h2>\t\t<\/div>\n\t\t\t\t<\/div>\n\t\t\t\t<div class=\"elementor-element elementor-element-a303466 elementor-widget elementor-widget-heading\" data-id=\"a303466\" data-element_type=\"widget\" data-widget_type=\"heading.default\">\n\t\t\t\t<div class=\"elementor-widget-container\">\n\t\t\t<h2 class=\"elementor-heading-title elementor-size-default\">Desierto Sonoro <font size=\"6\">(2019)<\/font><br>\n<span style=\"color: #999999;\">de Valeria Luiselli<\/span><\/h2>\t\t<\/div>\n\t\t\t\t<\/div>\n\t\t\t\t\t<\/div>\n\t\t<\/div>\n\t\t\t\t<div class=\"elementor-column elementor-col-33 elementor-top-column elementor-element elementor-element-8289586\" data-id=\"8289586\" data-element_type=\"column\">\n\t\t\t<div class=\"elementor-widget-wrap elementor-element-populated\">\n\t\t\t\t\t\t\t\t<div class=\"elementor-element elementor-element-a72c827 elementor-widget elementor-widget-image\" data-id=\"a72c827\" data-element_type=\"widget\" data-widget_type=\"image.default\">\n\t\t\t\t<div class=\"elementor-widget-container\">\n\t\t\t\t\t\t\t\t\t\t\t\t\t\t\t<img decoding=\"async\" src=\"https:\/\/revistaguay.fahce.unlp.edu.ar\/wp-content\/uploads\/elementor\/thumbs\/valeria-luiselli-desierto-sonoro-sigilo-novela-D_Q_NP_772454-MLA42582182087_072020-F-ov4v6knhcoktoammopzoy9ypwu00wqu1d6qy1fbnr4.jpg\" title=\"valeria-luiselli-desierto-sonoro-sigilo-novela-D_Q_NP_772454-MLA42582182087_072020-F\" alt=\"valeria-luiselli-desierto-sonoro-sigilo-novela-D_Q_NP_772454-MLA42582182087_072020-F\" loading=\"lazy\" \/>\t\t\t\t\t\t\t\t\t\t\t\t\t\t\t<\/div>\n\t\t\t\t<\/div>\n\t\t\t\t\t<\/div>\n\t\t<\/div>\n\t\t\t\t\t\t\t<\/div>\n\t\t<\/section>\n\t\t\t\t<section class=\"elementor-section elementor-top-section elementor-element elementor-element-757ceec elementor-section-boxed elementor-section-height-default elementor-section-height-default\" data-id=\"757ceec\" data-element_type=\"section\" data-settings=\"{&quot;background_background&quot;:&quot;classic&quot;}\">\n\t\t\t\t\t\t<div class=\"elementor-container elementor-column-gap-default\">\n\t\t\t\t\t<div class=\"elementor-column elementor-col-50 elementor-top-column elementor-element elementor-element-0d10b73\" data-id=\"0d10b73\" data-element_type=\"column\">\n\t\t\t<div class=\"elementor-widget-wrap\">\n\t\t\t\t\t\t\t\t\t<\/div>\n\t\t<\/div>\n\t\t\t\t<div class=\"elementor-column elementor-col-50 elementor-top-column elementor-element elementor-element-0aa82db\" data-id=\"0aa82db\" data-element_type=\"column\">\n\t\t\t<div class=\"elementor-widget-wrap elementor-element-populated\">\n\t\t\t\t\t\t\t\t<div class=\"elementor-element elementor-element-9a91696 elementor-widget elementor-widget-spacer\" data-id=\"9a91696\" data-element_type=\"widget\" data-widget_type=\"spacer.default\">\n\t\t\t\t<div class=\"elementor-widget-container\">\n\t\t\t\t\t<div class=\"elementor-spacer\">\n\t\t\t<div class=\"elementor-spacer-inner\"><\/div>\n\t\t<\/div>\n\t\t\t\t<\/div>\n\t\t\t\t<\/div>\n\t\t\t\t\t<\/div>\n\t\t<\/div>\n\t\t\t\t\t\t\t<\/div>\n\t\t<\/section>\n\t\t\t\t<section class=\"elementor-section elementor-top-section elementor-element elementor-element-179f0bb elementor-section-boxed elementor-section-height-default elementor-section-height-default\" data-id=\"179f0bb\" data-element_type=\"section\">\n\t\t\t\t\t\t<div class=\"elementor-container elementor-column-gap-default\">\n\t\t\t\t\t<div class=\"elementor-column elementor-col-50 elementor-top-column elementor-element elementor-element-82551c3\" data-id=\"82551c3\" data-element_type=\"column\">\n\t\t\t<div class=\"elementor-widget-wrap\">\n\t\t\t\t\t\t\t\t\t<\/div>\n\t\t<\/div>\n\t\t\t\t<div class=\"elementor-column elementor-col-50 elementor-top-column elementor-element elementor-element-8539e28\" data-id=\"8539e28\" data-element_type=\"column\">\n\t\t\t<div class=\"elementor-widget-wrap elementor-element-populated\">\n\t\t\t\t\t\t\t\t<div class=\"elementor-element elementor-element-a4994eb elementor-widget elementor-widget-text-editor\" data-id=\"a4994eb\" data-element_type=\"widget\" data-widget_type=\"text-editor.default\">\n\t\t\t\t<div class=\"elementor-widget-container\">\n\t\t\t\t\t\t\t<p>Oye, hijo m\u00edo, el silencio.<\/p><p>Es un silencio ondulado,<\/p><p>un silencio,<\/p><p>donde resbalan valles y ecos<\/p><p>y que inclina las frentes<\/p><p>hacia el suelo.<\/p><p><br \/>Federico Garc\u00eda Lorca, \u201cEl silencio\u201d (<i>Poema del cante jondo<\/i>, 1931)<\/p>\t\t\t\t\t\t<\/div>\n\t\t\t\t<\/div>\n\t\t\t\t\t<\/div>\n\t\t<\/div>\n\t\t\t\t\t\t\t<\/div>\n\t\t<\/section>\n\t\t\t\t<section class=\"elementor-section elementor-top-section elementor-element elementor-element-a319fff elementor-section-boxed elementor-section-height-default elementor-section-height-default\" data-id=\"a319fff\" data-element_type=\"section\">\n\t\t\t\t\t\t<div class=\"elementor-container elementor-column-gap-default\">\n\t\t\t\t\t<div class=\"elementor-column elementor-col-100 elementor-top-column elementor-element elementor-element-a1d12b3\" data-id=\"a1d12b3\" data-element_type=\"column\">\n\t\t\t<div class=\"elementor-widget-wrap elementor-element-populated\">\n\t\t\t\t\t\t\t\t<div class=\"elementor-element elementor-element-465112e elementor-widget elementor-widget-spacer\" data-id=\"465112e\" data-element_type=\"widget\" data-widget_type=\"spacer.default\">\n\t\t\t\t<div class=\"elementor-widget-container\">\n\t\t\t\t\t<div class=\"elementor-spacer\">\n\t\t\t<div class=\"elementor-spacer-inner\"><\/div>\n\t\t<\/div>\n\t\t\t\t<\/div>\n\t\t\t\t<\/div>\n\t\t\t\t\t<\/div>\n\t\t<\/div>\n\t\t\t\t\t\t\t<\/div>\n\t\t<\/section>\n\t\t\t\t<section class=\"elementor-section elementor-top-section elementor-element elementor-element-8435ba6 elementor-section-boxed elementor-section-height-default elementor-section-height-default\" data-id=\"8435ba6\" data-element_type=\"section\">\n\t\t\t\t\t\t<div class=\"elementor-container elementor-column-gap-default\">\n\t\t\t\t\t<div class=\"elementor-column elementor-col-50 elementor-top-column elementor-element elementor-element-e26bcfb\" data-id=\"e26bcfb\" data-element_type=\"column\">\n\t\t\t<div class=\"elementor-widget-wrap\">\n\t\t\t\t\t\t\t\t\t<\/div>\n\t\t<\/div>\n\t\t\t\t<div class=\"elementor-column elementor-col-50 elementor-top-column elementor-element elementor-element-b95bcfa\" data-id=\"b95bcfa\" data-element_type=\"column\">\n\t\t\t<div class=\"elementor-widget-wrap elementor-element-populated\">\n\t\t\t\t\t\t\t\t<div class=\"elementor-element elementor-element-2b2d5ed elementor-widget elementor-widget-text-editor\" data-id=\"2b2d5ed\" data-element_type=\"widget\" data-widget_type=\"text-editor.default\">\n\t\t\t\t<div class=\"elementor-widget-container\">\n\t\t\t\t\t\t\t<p>\u00a0\u00a0\u00a0\u00a0 Lo sabemos a poco de comenzar la lectura. Viajan hacia la frontera entre Estados Unidos y M\u00e9xico. Procuran llegar a Arizona partiendo desde Nueva York para desplegar proyectos afines aunque no por eso compatibles. La narradora nos dice que su marido propuso el viaje, \u00e9l planea quedarse varios meses en el suroeste del pa\u00eds para documentar los despojos y el desplazamiento de los apaches chiricahuas y, en particular, grabar los sonidos que permitan hacer audibles sus presencias pasadas, en tanto \u201cpaisaje sonoro\u201d de la resistencia liderada por Ger\u00f3nimo en las \u00faltimas d\u00e9cadas del siglo XIX. En busca de un punto de encuentro, ella continuar\u00e1 sus indagaciones sobre los ni\u00f1os y las ni\u00f1as que enfrentan juicios migratorios en las cortes estadounidenses. Como un imperativo categ\u00f3rico, reconoce que tiene que conformar un archivo sobre las migraciones infantiles en el lugar mismo donde comienzan una di\u00e1spora te\u00f1ida de violencias y muerte.\u00a0<\/p><p>\u00a0\u00a0\u00a0\u00a0 El archivo sostiene la apuesta de la pareja. El vacilar de sus b\u00fasquedas est\u00e1 orientado por una particular forma de pensar las pr\u00e1cticas archiv\u00edsticas y de poner en cuesti\u00f3n la mano que colecciona y clasifica. Coleccionar sonidos presentes para evocar los sonidos del pasado como un norte. Definir al archivo como un valle donde resuenan ideas y se producen ecos, lugar de reverberaciones y silencios que esperan ser escuchados. Sabremos luego que el archivo sostuvo a Valeria Luiselli en la escritura de esta novela y que ella ha sido hablada por la narradora. Ambas mujeres comparten la experiencia de los traslados y las migraciones, ambas nacieron en la Ciudad de M\u00e9xico y llegaron a Nueva York para estudiar y all\u00ed se instalaron junto a sus familias.\u00a0<\/p><p>\u00a0\u00a0\u00a0\u00a0 Los primeros tramos de la novela nos informan que viajar\u00e1n en auto y que ser\u00e1n de la partida \u201cel ni\u00f1o\u201d y \u201cla ni\u00f1a\u201d, tal la forma de enunciar a sus hijos. Parten el d\u00eda posterior al d\u00e9cimo cumplea\u00f1os del ni\u00f1o, cuando la ni\u00f1a tiene cinco a\u00f1os. Discos, libros y mapas impresos \u2013forma tozuda de apoyar las editoriales que los comercializan frente a la valorada tecnolog\u00eda del GPS-, equipos de grabaci\u00f3n, algunas valijas y siete cajas para archivar los hallazgos y portar los documentos que ofician de punto de partida. Deber\u00e1n convivir largas horas en el m\u00ednimo espacio del auto y otras tantas en hoteles de ruta.\u00a0<\/p><p>\u00a0\u00a0\u00a0\u00a0 Pronto lo comprueban: los ni\u00f1os se vuelven dif\u00edciles cuando cae el sol, son quienes marcan el rumbo desde la incomodidad que generan. Hacen berrinches en un viaje extenso asociado a un sin fin de mudanzas. Vociferan su deseo de pertenecer a otra familia. Estar juntos no es materia de discusi\u00f3n, aunque de a ratos no lo estuviesen.\u00a0<\/p><p>\u00a0\u00a0\u00a0\u00a0 La forja de un l\u00e9xico familiar da sentido a la traves\u00eda, cincela identidades y define tareas asociadas a los cuidados y la supervivencia diaria. Suma risas profundas, desatadas, descaradas, aglutinantes de la argamasa. Dice Valeria Luiselli \u2013que es hablada por la narradora-: \u201cel lenguaje de los ni\u00f1os, de alguna manera, funciona como una v\u00eda de escape de los dramas familiares; nos gu\u00eda hasta un inframundo extra\u00f1amente luminoso, a salvo de nuestras cat\u00e1strofes clasemedieras\u201d. Son escenas c\u00e1ndidas que, resguardadas en grabaciones sonoras, se transforman en materia de archivo. Mon\u00f3logo interior de la narradora: \u00bfc\u00f3mo ser\u00e1n escuchadas esas conversaciones familiares?, \u00bfacaso alcanzar\u00e1n el estatus de paisaje sonoro o tan solo ser\u00e1n cascajos y ruinas de aquella comunidad?\u00a0<\/p><p>\u00a0\u00a0\u00a0\u00a0 Aunque se\u00f1ala nuevas limitaciones en materia de entendimiento, una comprobaci\u00f3n le ofrece un punto de apoyo para avanzar sobre estas incertidumbres: \u201ces imposible entender la forma en que algunos objetos triviales llegan a revelar aspectos tan importantes de una persona y es dif\u00edcil comprender la s\u00fabita melancol\u00eda que generan cuando esa persona est\u00e1 ausente; tal vez lo que pasa, nada m\u00e1s, es que las pertenencias sobreviven a menudo a sus due\u00f1os y por eso podemos imaginar con facilidad un futuro en el que existan las pertenencias, pero no sus due\u00f1os\u201d. Movida por estas convicciones, las cajas de archivo que trasladan en el ba\u00fal del auto pronto se llenan de fotos sacadas por el ni\u00f1o con su Polaroid, suman los mapas que \u00e9l dibuja y un poema de Anne Carson sobre el viejo su\u00e9ter azul y el asociado recuerdo del padre. El archivo enlaza estos objetos a los reportes de mortalidad de ni\u00f1os y ni\u00f1as migrantes, lac\u00f3nicas descripciones que procuran documentar, explicar -\u00bfjustificar?- estas muertes que hablan de vidas cortas, fr\u00e1giles, rotas, devastadas.\u00a0\u00a0<\/p><p>\u00a0\u00a0\u00a0\u00a0 La pareja duda sobre la conveniencia de exponer a sus hijos desde temprana edad a \u201cdemasiado mundo\u201d, pero las condiciones materiales del viaje y las decisiones de crianza determinan que formen parte de sus conversaciones adultas sin mayores tamices. Los tratan como iguales desde el punto de vista intelectual, se niegan a interpelarlos como destinatarios imperfectos de un saber elevado que, seg\u00fan ciertos c\u00e1nones, deber\u00edan transmitirles en peque\u00f1as dosis. El ni\u00f1o toma la voz del padre para afirmar que Estados Unidos \u201ces un enorme cementerio, pero solo a algunas personas les tocan tumbas como dios manda, porque la mayor\u00eda de las vidas no importan\u201d. Lee con su madre y su hermana las <i>Eleg\u00edas para los ni\u00f1os perdidos, <\/i>cr\u00f3nicas de ni\u00f1os y ni\u00f1as que viajan en los techos de los trenes y atraviesan pardos desiertos, all\u00ed forman sonidos y se vuelven silencios.\u00a0<\/p><p>\u00a0\u00a0\u00a0\u00a0 \u00bfPresentarles esos mundos los salvar\u00eda si llegaran a perderse?, \u00bfser\u00eda acaso una forma de ense\u00f1arles a escuchar el silencio ondulado y a buscar los ecos que les ayudar\u00edan a cruzar el desierto a pie? A la narradora le pesa la posibilidad de que sus cachorros pasen a formar parte de las filas de refugiados, de los que mueren sedientos o son objeto de trata. Busca y calcula y ensaya un rescate, otras veces, se aleja de la escena familiar tanto como puede. Comprueba que el ni\u00f1o y la ni\u00f1a han integrado a su cotidiano los avatares de la infancia migrante, al punto tal de representar su propia p\u00e9rdida en juegos escenificados en el asiento trasero del auto o en el porche de un derruido motel donde recrean un hogar.\u00a0<\/p><p>\u00a0\u00a0\u00a0\u00a0 Su pesquisa anterior le permite identificar la distancia que separa a sus hijos de los que el l\u00e9xico familiar nomina como ni\u00f1os perdidos. Esa infancia otra es la de ni\u00f1os y ni\u00f1as que se desplazan en tren o a pie, sin pasaporte ni equipaje, portadores de la ausencia de cuidados adultos y la solidaridad mercenaria del coyote. Buscan filtrarse en la porosa frontera e integrar el limbo de las burocracias migratorias para acceder a la identidad de refugiados, buscan ganarse un lugar en un pa\u00eds que se los niega. Y si no se pierden all\u00ed, son ni\u00f1os perdidos a su suerte en las amplitudes t\u00e9rmicas de un desierto sonoro que los ve morir.\u00a0<\/p><p>\u00a0<\/p>\t\t\t\t\t\t<\/div>\n\t\t\t\t<\/div>\n\t\t\t\t\t<\/div>\n\t\t<\/div>\n\t\t\t\t\t\t\t<\/div>\n\t\t<\/section>\n\t\t\t\t<section class=\"elementor-section elementor-top-section elementor-element elementor-element-443b861 elementor-section-boxed elementor-section-height-default elementor-section-height-default\" data-id=\"443b861\" data-element_type=\"section\">\n\t\t\t\t\t\t<div class=\"elementor-container elementor-column-gap-default\">\n\t\t\t\t\t<div class=\"elementor-column elementor-col-100 elementor-top-column elementor-element elementor-element-9cfff33\" data-id=\"9cfff33\" data-element_type=\"column\">\n\t\t\t<div class=\"elementor-widget-wrap elementor-element-populated\">\n\t\t\t\t\t\t\t\t<div class=\"elementor-element elementor-element-4d76815 elementor-widget elementor-widget-spacer\" data-id=\"4d76815\" data-element_type=\"widget\" data-widget_type=\"spacer.default\">\n\t\t\t\t<div class=\"elementor-widget-container\">\n\t\t\t\t\t<div class=\"elementor-spacer\">\n\t\t\t<div class=\"elementor-spacer-inner\"><\/div>\n\t\t<\/div>\n\t\t\t\t<\/div>\n\t\t\t\t<\/div>\n\t\t\t\t\t<\/div>\n\t\t<\/div>\n\t\t\t\t\t\t\t<\/div>\n\t\t<\/section>\n\t\t\t\t<section class=\"elementor-section elementor-top-section elementor-element elementor-element-514fd92 elementor-section-boxed elementor-section-height-default elementor-section-height-default\" data-id=\"514fd92\" data-element_type=\"section\">\n\t\t\t\t\t\t<div class=\"elementor-container elementor-column-gap-default\">\n\t\t\t\t\t<div class=\"elementor-column elementor-col-50 elementor-top-column elementor-element elementor-element-603c19d\" data-id=\"603c19d\" data-element_type=\"column\">\n\t\t\t<div class=\"elementor-widget-wrap\">\n\t\t\t\t\t\t\t\t\t<\/div>\n\t\t<\/div>\n\t\t\t\t<div class=\"elementor-column elementor-col-50 elementor-top-column elementor-element elementor-element-bcf7efe\" data-id=\"bcf7efe\" data-element_type=\"column\">\n\t\t\t<div class=\"elementor-widget-wrap elementor-element-populated\">\n\t\t\t\t\t\t\t\t<div class=\"elementor-element elementor-element-78e267f elementor-widget elementor-widget-heading\" data-id=\"78e267f\" data-element_type=\"widget\" data-widget_type=\"heading.default\">\n\t\t\t\t<div class=\"elementor-widget-container\">\n\t\t\t<h2 class=\"elementor-heading-title elementor-size-default\">LEANDRO STAGNO\n\n\n\n<\/h2>\t\t<\/div>\n\t\t\t\t<\/div>\n\t\t\t\t\t<\/div>\n\t\t<\/div>\n\t\t\t\t\t\t\t<\/div>\n\t\t<\/section>\n\t\t\t\t<section class=\"elementor-section elementor-top-section elementor-element elementor-element-2f05187 elementor-section-boxed elementor-section-height-default elementor-section-height-default\" data-id=\"2f05187\" data-element_type=\"section\">\n\t\t\t\t\t\t<div class=\"elementor-container elementor-column-gap-default\">\n\t\t\t\t\t<div class=\"elementor-column elementor-col-50 elementor-top-column elementor-element elementor-element-06f85a4\" data-id=\"06f85a4\" data-element_type=\"column\">\n\t\t\t<div class=\"elementor-widget-wrap\">\n\t\t\t\t\t\t\t\t\t<\/div>\n\t\t<\/div>\n\t\t\t\t<div class=\"elementor-column elementor-col-50 elementor-top-column elementor-element elementor-element-0dab61e\" data-id=\"0dab61e\" data-element_type=\"column\">\n\t\t\t<div class=\"elementor-widget-wrap elementor-element-populated\">\n\t\t\t\t\t\t\t\t<div class=\"elementor-element elementor-element-25de75e elementor-widget elementor-widget-text-editor\" data-id=\"25de75e\" data-element_type=\"widget\" data-widget_type=\"text-editor.default\">\n\t\t\t\t<div class=\"elementor-widget-container\">\n\t\t\t\t\t\t\t<p>Profesor en Ciencias de la Educaci\u00f3n y Mag\u00edster en Ciencias Sociales. Es profesor en la c\u00e1tedra Historia de la Educaci\u00f3n General en la FaHCE. Participa de diversos proyectos de investigaci\u00f3n en la Universidad Nacional de La Plata y en la UBA.<\/p>\t\t\t\t\t\t<\/div>\n\t\t\t\t<\/div>\n\t\t\t\t\t<\/div>\n\t\t<\/div>\n\t\t\t\t\t\t\t<\/div>\n\t\t<\/section>\n\t\t\t\t<section class=\"elementor-section elementor-top-section elementor-element elementor-element-8e942dd elementor-section-boxed elementor-section-height-default elementor-section-height-default\" data-id=\"8e942dd\" data-element_type=\"section\">\n\t\t\t\t\t\t<div class=\"elementor-container elementor-column-gap-default\">\n\t\t\t\t\t<div class=\"elementor-column elementor-col-50 elementor-top-column elementor-element elementor-element-fe444ed\" data-id=\"fe444ed\" data-element_type=\"column\">\n\t\t\t<div class=\"elementor-widget-wrap\">\n\t\t\t\t\t\t\t\t\t<\/div>\n\t\t<\/div>\n\t\t\t\t<div class=\"elementor-column elementor-col-50 elementor-top-column elementor-element elementor-element-83699e4\" data-id=\"83699e4\" data-element_type=\"column\">\n\t\t\t<div class=\"elementor-widget-wrap elementor-element-populated\">\n\t\t\t\t\t\t\t\t<div class=\"elementor-element elementor-element-0e47e3c elementor-widget-divider--view-line elementor-widget elementor-widget-divider\" data-id=\"0e47e3c\" data-element_type=\"widget\" data-widget_type=\"divider.default\">\n\t\t\t\t<div class=\"elementor-widget-container\">\n\t\t\t\t\t<div class=\"elementor-divider\">\n\t\t\t<span class=\"elementor-divider-separator\">\n\t\t\t\t\t\t<\/span>\n\t\t<\/div>\n\t\t\t\t<\/div>\n\t\t\t\t<\/div>\n\t\t\t\t<div class=\"elementor-element elementor-element-c362929 elementor-widget elementor-widget-html\" data-id=\"c362929\" data-element_type=\"widget\" data-widget_type=\"html.default\">\n\t\t\t\t<div class=\"elementor-widget-container\">\n\t\t\t<span class=\"tags-links\"><span\n<div class=\"tagcloud\"><a href=\"https:\/\/revistaguay.fahce.unlp.edu.ar\/index.php\/tag\/septiembre-2020\/\" class=\"tag-cloud-link tag-link-60 tag-link-position-12\" style=\"font-size: 11pt;\" aria-label=\"septiembre-2020\">septiembre 2020<\/a> \u00b7\n<a href=\"https:\/\/revistaguay.fahce.unlp.edu.ar\/index.php\/tag\/valeria-luiselli\/\" class=\"tag-cloud-link tag-link-49 tag-link-position-1\" style=\"font-size: 11pt;\" aria-label=\"valeria-luiselli\">Valeria Luiselli<\/a> \u00b7\n<a href=\"https:\/\/revistaguay.fahce.unlp.edu.ar\/index.php\/tag\/mexico\/\" class=\"tag-cloud-link tag-link-38 tag-link-position-2\" style=\"font-size: 11pt;\" aria-label=\"mexico\">M\u00e9xico<\/a> \u00b7\n<a href=\"https:\/\/revistaguay.fahce.unlp.edu.ar\/index.php\/tag\/america-latina\/\" class=\"tag-cloud-link tag-link-38 tag-link-position-2\" style=\"font-size: 11pt;\" aria-label=\"america-latina\">Am\u00e9rica Latina<\/a> \u00b7\n<a href=\"https:\/\/revistaguay.fahce.unlp.edu.ar\/index.php\/tag\/migracion\/\" class=\"tag-cloud-link tag-link-38 tag-link-position-2\" style=\"font-size: 11pt;\" aria-label=\"migracion\">migraci\u00f3n<\/a> \u00b7\n<a href=\"https:\/\/revistaguay.fahce.unlp.edu.ar\/index.php\/tag\/ninez\/\" class=\"tag-cloud-link tag-link-38 tag-link-position-2\" style=\"font-size: 11pt;\" aria-label=\"ni\u00f1ez\">ni\u00f1ez<\/a> \u00b7\t\t<\/div>\n\t\t\t\t<\/div>\n\t\t\t\t\t<\/div>\n\t\t<\/div>\n\t\t\t\t\t\t\t<\/div>\n\t\t<\/section>\n\t\t\t\t<section class=\"elementor-section elementor-top-section elementor-element elementor-element-c66e834 elementor-section-boxed elementor-section-height-default elementor-section-height-default\" data-id=\"c66e834\" data-element_type=\"section\">\n\t\t\t\t\t\t<div class=\"elementor-container elementor-column-gap-default\">\n\t\t\t\t\t<div class=\"elementor-column elementor-col-100 elementor-top-column elementor-element elementor-element-d3992d0\" data-id=\"d3992d0\" data-element_type=\"column\">\n\t\t\t<div class=\"elementor-widget-wrap elementor-element-populated\">\n\t\t\t\t\t\t\t\t<div class=\"elementor-element elementor-element-d45678a elementor-widget elementor-widget-spacer\" data-id=\"d45678a\" data-element_type=\"widget\" data-widget_type=\"spacer.default\">\n\t\t\t\t<div class=\"elementor-widget-container\">\n\t\t\t\t\t<div class=\"elementor-spacer\">\n\t\t\t<div class=\"elementor-spacer-inner\"><\/div>\n\t\t<\/div>\n\t\t\t\t<\/div>\n\t\t\t\t<\/div>\n\t\t\t\t\t<\/div>\n\t\t<\/div>\n\t\t\t\t\t\t\t<\/div>\n\t\t<\/section>\n\t\t\t\t<section class=\"elementor-section elementor-top-section elementor-element elementor-element-a02c403 elementor-section-boxed elementor-section-height-default elementor-section-height-default\" data-id=\"a02c403\" data-element_type=\"section\" data-settings=\"{&quot;background_background&quot;:&quot;classic&quot;}\">\n\t\t\t\t\t\t<div class=\"elementor-container elementor-column-gap-default\">\n\t\t\t\t\t<div class=\"elementor-column elementor-col-25 elementor-top-column elementor-element elementor-element-4339c51\" data-id=\"4339c51\" data-element_type=\"column\">\n\t\t\t<div class=\"elementor-widget-wrap elementor-element-populated\">\n\t\t\t\t\t\t\t\t<div class=\"elementor-element elementor-element-0774611 elementor-widget elementor-widget-image\" data-id=\"0774611\" data-element_type=\"widget\" data-widget_type=\"image.default\">\n\t\t\t\t<div class=\"elementor-widget-container\">\n\t\t\t\t\t\t\t\t\t\t\t\t\t\t\t\t<a href=\"https:\/\/revistaguay.fahce.unlp.edu.ar\/\">\n\t\t\t\t\t\t\t<img decoding=\"async\" loading=\"lazy\" width=\"120\" height=\"61\" src=\"https:\/\/revistaguay.fahce.unlp.edu.ar\/wp-content\/uploads\/2019\/03\/guay-blanco3.png\" class=\"attachment-large size-large wp-image-221\" alt=\"\" \/>\t\t\t\t\t\t\t\t<\/a>\n\t\t\t\t\t\t\t\t\t\t\t\t\t\t\t<\/div>\n\t\t\t\t<\/div>\n\t\t\t\t\t<\/div>\n\t\t<\/div>\n\t\t\t\t<div class=\"elementor-column elementor-col-50 elementor-top-column elementor-element elementor-element-15a81a2\" data-id=\"15a81a2\" data-element_type=\"column\">\n\t\t\t<div class=\"elementor-widget-wrap elementor-element-populated\">\n\t\t\t\t\t\t\t\t<div class=\"elementor-element elementor-element-40838dc elementor-widget elementor-widget-text-editor\" data-id=\"40838dc\" data-element_type=\"widget\" data-widget_type=\"text-editor.default\">\n\t\t\t\t<div class=\"elementor-widget-container\">\n\t\t\t\t\t\t\t<p><span style=\"color: #ffffff;\"><a style=\"letter-spacing: 0px; background-color: #000000; color: #ffffff;\" href=\"http:\/\/www.fahce.unlp.edu.ar\/\" target=\"_blank\" rel=\"noopener\">Facultad de Humanidades y Ciencias de la Educaci\u00f3n | Universidad Nacional de La Plata<\/a>\u00a0<\/span><br \/>Calle 51 e\/ 124 y 125 | (1925) Ensenada | Buenos Aires | Argentina<\/p>\t\t\t\t\t\t<\/div>\n\t\t\t\t<\/div>\n\t\t\t\t\t<\/div>\n\t\t<\/div>\n\t\t\t\t<div class=\"elementor-column elementor-col-25 elementor-top-column elementor-element elementor-element-997dde2\" data-id=\"997dde2\" data-element_type=\"column\">\n\t\t\t<div class=\"elementor-widget-wrap elementor-element-populated\">\n\t\t\t\t\t\t\t\t<div class=\"elementor-element elementor-element-768ebeb elementor-shape-circle e-grid-align-mobile-center elementor-grid-0 e-grid-align-center elementor-widget elementor-widget-social-icons\" data-id=\"768ebeb\" data-element_type=\"widget\" data-widget_type=\"social-icons.default\">\n\t\t\t\t<div class=\"elementor-widget-container\">\n\t\t\t\t\t<div class=\"elementor-social-icons-wrapper elementor-grid\">\n\t\t\t\t\t\t\t<span class=\"elementor-grid-item\">\n\t\t\t\t\t<a class=\"elementor-icon elementor-social-icon elementor-social-icon-facebook elementor-animation-pulse-shrink elementor-repeater-item-2fdf362\" href=\"https:\/\/www.facebook.com\/RevistaGuay\" target=\"_blank\">\n\t\t\t\t\t\t<span class=\"elementor-screen-only\">Facebook<\/span>\n\t\t\t\t\t\t\t\t\t\t\t\t\t<i class=\"fa fa-facebook\"><\/i>\n\t\t\t\t\t\t\t\t\t\t\t<\/a>\n\t\t\t\t<\/span>\n\t\t\t\t\t\t\t<span class=\"elementor-grid-item\">\n\t\t\t\t\t<a class=\"elementor-icon elementor-social-icon elementor-social-icon-twitter elementor-animation-pulse-shrink elementor-repeater-item-3c0110f\" href=\"https:\/\/twitter.com\/RevistaGuay\" target=\"_blank\">\n\t\t\t\t\t\t<span class=\"elementor-screen-only\">Twitter<\/span>\n\t\t\t\t\t\t\t\t\t\t\t\t\t<i class=\"fa fa-twitter\"><\/i>\n\t\t\t\t\t\t\t\t\t\t\t<\/a>\n\t\t\t\t<\/span>\n\t\t\t\t\t\t\t<span class=\"elementor-grid-item\">\n\t\t\t\t\t<a class=\"elementor-icon elementor-social-icon elementor-social-icon-instagram elementor-animation-pulse-shrink elementor-repeater-item-07993e9\" href=\"https:\/\/www.instagram.com\/revista.guay\/\" target=\"_blank\">\n\t\t\t\t\t\t<span class=\"elementor-screen-only\">Instagram<\/span>\n\t\t\t\t\t\t\t\t\t\t\t\t\t<i class=\"fa fa-instagram\"><\/i>\n\t\t\t\t\t\t\t\t\t\t\t<\/a>\n\t\t\t\t<\/span>\n\t\t\t\t\t\t\t<span class=\"elementor-grid-item\">\n\t\t\t\t\t<a class=\"elementor-icon elementor-social-icon elementor-social-icon-envelope elementor-animation-pulse-shrink elementor-repeater-item-6f94034\" href=\"https:\/\/revistaguay.fahce.unlp.edu.ar\/index.php\/contacto\/\" target=\"_blank\">\n\t\t\t\t\t\t<span class=\"elementor-screen-only\">Envelope<\/span>\n\t\t\t\t\t\t\t\t\t\t\t\t\t<i class=\"fa fa-envelope\"><\/i>\n\t\t\t\t\t\t\t\t\t\t\t<\/a>\n\t\t\t\t<\/span>\n\t\t\t\t\t<\/div>\n\t\t\t\t<\/div>\n\t\t\t\t<\/div>\n\t\t\t\t\t<\/div>\n\t\t<\/div>\n\t\t\t\t\t\t\t<\/div>\n\t\t<\/section>\n\t\t\t\t\t\t\t<\/div>\n\t\t","protected":false},"excerpt":{"rendered":"<p>NOVELA LEANDRO STAGNO Desierto Sonoro (2019) de Valeria Luiselli Oye, hijo m\u00edo, el silencio. Es un silencio ondulado, un silencio, donde resbalan valles y ecos y que inclina las frentes hacia el suelo. Federico Garc\u00eda Lorca, \u201cEl silencio\u201d (Poema del cante jondo, 1931) \u00a0\u00a0\u00a0\u00a0 Lo sabemos a poco de comenzar la lectura. Viajan hacia la &#8230; <a title=\"Desierto Sonoro, de Luiselli\" class=\"read-more\" href=\"https:\/\/revistaguay.fahce.unlp.edu.ar\/index.php\/2020\/09\/10\/desierto-sonoro-de-luiselli\/\">Leer m\u00e1s <span class=\"screen-reader-text\">Desierto Sonoro, de Luiselli<\/span><\/a><\/p>\n","protected":false},"author":1,"featured_media":0,"comment_status":"open","ping_status":"open","sticky":false,"template":"elementor_canvas","format":"standard","meta":{"_mi_skip_tracking":false,"_exactmetrics_sitenote_active":false,"_exactmetrics_sitenote_note":"","_exactmetrics_sitenote_category":0,"footnotes":""},"categories":[25],"tags":[78,342,158,45,341,255,340],"_links":{"self":[{"href":"https:\/\/revistaguay.fahce.unlp.edu.ar\/index.php\/wp-json\/wp\/v2\/posts\/2874"}],"collection":[{"href":"https:\/\/revistaguay.fahce.unlp.edu.ar\/index.php\/wp-json\/wp\/v2\/posts"}],"about":[{"href":"https:\/\/revistaguay.fahce.unlp.edu.ar\/index.php\/wp-json\/wp\/v2\/types\/post"}],"author":[{"embeddable":true,"href":"https:\/\/revistaguay.fahce.unlp.edu.ar\/index.php\/wp-json\/wp\/v2\/users\/1"}],"replies":[{"embeddable":true,"href":"https:\/\/revistaguay.fahce.unlp.edu.ar\/index.php\/wp-json\/wp\/v2\/comments?post=2874"}],"version-history":[{"count":8,"href":"https:\/\/revistaguay.fahce.unlp.edu.ar\/index.php\/wp-json\/wp\/v2\/posts\/2874\/revisions"}],"predecessor-version":[{"id":3207,"href":"https:\/\/revistaguay.fahce.unlp.edu.ar\/index.php\/wp-json\/wp\/v2\/posts\/2874\/revisions\/3207"}],"wp:attachment":[{"href":"https:\/\/revistaguay.fahce.unlp.edu.ar\/index.php\/wp-json\/wp\/v2\/media?parent=2874"}],"wp:term":[{"taxonomy":"category","embeddable":true,"href":"https:\/\/revistaguay.fahce.unlp.edu.ar\/index.php\/wp-json\/wp\/v2\/categories?post=2874"},{"taxonomy":"post_tag","embeddable":true,"href":"https:\/\/revistaguay.fahce.unlp.edu.ar\/index.php\/wp-json\/wp\/v2\/tags?post=2874"}],"curies":[{"name":"wp","href":"https:\/\/api.w.org\/{rel}","templated":true}]}}