{"id":2930,"date":"2020-10-01T09:15:23","date_gmt":"2020-10-01T12:15:23","guid":{"rendered":"http:\/\/revistaguay.fahce.unlp.edu.ar\/?p=2930"},"modified":"2020-12-03T01:43:46","modified_gmt":"2020-12-03T04:43:46","slug":"la-trinchera-austral-de-tato","status":"publish","type":"post","link":"https:\/\/revistaguay.fahce.unlp.edu.ar\/index.php\/2020\/10\/01\/la-trinchera-austral-de-tato\/","title":{"rendered":"La trinchera austral, de Tato"},"content":{"rendered":"\t\t<div data-elementor-type=\"wp-post\" data-elementor-id=\"2930\" class=\"elementor elementor-2930\" data-elementor-post-type=\"post\">\n\t\t\t\t\t\t\t\t\t<section class=\"elementor-section elementor-top-section elementor-element elementor-element-693d283 elementor-section-boxed elementor-section-height-default elementor-section-height-default\" data-id=\"693d283\" data-element_type=\"section\">\n\t\t\t\t\t\t<div class=\"elementor-container elementor-column-gap-default\">\n\t\t\t\t\t<div class=\"elementor-column elementor-col-100 elementor-top-column elementor-element elementor-element-abd0a7f\" data-id=\"abd0a7f\" data-element_type=\"column\">\n\t\t\t<div class=\"elementor-widget-wrap elementor-element-populated\">\n\t\t\t\t\t\t\t\t<div class=\"elementor-element elementor-element-9a9034b elementor-widget-divider--view-line elementor-widget elementor-widget-divider\" data-id=\"9a9034b\" data-element_type=\"widget\" data-widget_type=\"divider.default\">\n\t\t\t\t<div class=\"elementor-widget-container\">\n\t\t\t\t\t<div class=\"elementor-divider\">\n\t\t\t<span class=\"elementor-divider-separator\">\n\t\t\t\t\t\t<\/span>\n\t\t<\/div>\n\t\t\t\t<\/div>\n\t\t\t\t<\/div>\n\t\t\t\t\t<\/div>\n\t\t<\/div>\n\t\t\t\t\t\t\t<\/div>\n\t\t<\/section>\n\t\t\t\t<section class=\"elementor-section elementor-top-section elementor-element elementor-element-b74c65e elementor-section-boxed elementor-section-height-default elementor-section-height-default\" data-id=\"b74c65e\" data-element_type=\"section\">\n\t\t\t\t\t\t<div class=\"elementor-container elementor-column-gap-default\">\n\t\t\t\t\t<div class=\"elementor-column elementor-col-100 elementor-top-column elementor-element elementor-element-17695cf\" data-id=\"17695cf\" data-element_type=\"column\">\n\t\t\t<div class=\"elementor-widget-wrap elementor-element-populated\">\n\t\t\t\t\t\t\t\t<div class=\"elementor-element elementor-element-246fff0 elementor-widget elementor-widget-spacer\" data-id=\"246fff0\" data-element_type=\"widget\" data-widget_type=\"spacer.default\">\n\t\t\t\t<div class=\"elementor-widget-container\">\n\t\t\t\t\t<div class=\"elementor-spacer\">\n\t\t\t<div class=\"elementor-spacer-inner\"><\/div>\n\t\t<\/div>\n\t\t\t\t<\/div>\n\t\t\t\t<\/div>\n\t\t\t\t\t<\/div>\n\t\t<\/div>\n\t\t\t\t\t\t\t<\/div>\n\t\t<\/section>\n\t\t\t\t<section class=\"elementor-section elementor-top-section elementor-element elementor-element-210d621 elementor-section-boxed elementor-section-height-default elementor-section-height-default\" data-id=\"210d621\" data-element_type=\"section\">\n\t\t\t\t\t\t<div class=\"elementor-container elementor-column-gap-default\">\n\t\t\t\t\t<div class=\"elementor-column elementor-col-33 elementor-top-column elementor-element elementor-element-401e54d\" data-id=\"401e54d\" data-element_type=\"column\">\n\t\t\t<div class=\"elementor-widget-wrap elementor-element-populated\">\n\t\t\t\t\t\t\t\t<div class=\"elementor-element elementor-element-9a1db1f elementor-widget elementor-widget-html\" data-id=\"9a1db1f\" data-element_type=\"widget\" data-widget_type=\"html.default\">\n\t\t\t\t<div class=\"elementor-widget-container\">\n\t\t\t<a class=img style=\"display:scroll;\nposition:fixed; bottom:00 px; right:1400px;\" href='https:\/\/revistaguay.fahce.unlp.edu.ar\/index.php\/home-11'><img src='https:\/\/revistaguay.fahce.unlp.edu.ar\/wp-content\/uploads\/2019\/04\/flecha.png' border=\"0\"\/><\/a>\n\t\t<\/div>\n\t\t\t\t<\/div>\n\t\t\t\t\t<\/div>\n\t\t<\/div>\n\t\t\t\t<div class=\"elementor-column elementor-col-33 elementor-top-column elementor-element elementor-element-6060bb7\" data-id=\"6060bb7\" data-element_type=\"column\">\n\t\t\t<div class=\"elementor-widget-wrap elementor-element-populated\">\n\t\t\t\t\t\t\t\t<div class=\"elementor-element elementor-element-7acc8d0 elementor-widget elementor-widget-heading\" data-id=\"7acc8d0\" data-element_type=\"widget\" data-widget_type=\"heading.default\">\n\t\t\t\t<div class=\"elementor-widget-container\">\n\t\t\t<h2 class=\"elementor-heading-title elementor-size-default\"><font color=\"#b31e1f\">HISTORIA<br><\/font><p style=\"\"><font color=\"#b31e1f\">\n<\/font>TOM\u00c1S SCHIERENBECK<span style=\"color: rgb(110, 193, 228); font-style: inherit; letter-spacing: 4.2px; font-style: inherit; letter-spacing: 4.2px;\"><\/span><\/p><br><\/h2>\t\t<\/div>\n\t\t\t\t<\/div>\n\t\t\t\t<div class=\"elementor-element elementor-element-1eb5ec0 elementor-widget elementor-widget-heading\" data-id=\"1eb5ec0\" data-element_type=\"widget\" data-widget_type=\"heading.default\">\n\t\t\t\t<div class=\"elementor-widget-container\">\n\t\t\t<h2 class=\"elementor-heading-title elementor-size-default\">La trinchera austral. La sociedad argentina ante la Primera Guerra Mundial  <font size=\"6\">(2017)<\/font><br>\n<span style=\"color: #999999;\">de Mar\u00eda In\u00e9s Tato<\/span><\/h2>\t\t<\/div>\n\t\t\t\t<\/div>\n\t\t\t\t\t<\/div>\n\t\t<\/div>\n\t\t\t\t<div class=\"elementor-column elementor-col-33 elementor-top-column elementor-element elementor-element-bf56cfb\" data-id=\"bf56cfb\" data-element_type=\"column\">\n\t\t\t<div class=\"elementor-widget-wrap elementor-element-populated\">\n\t\t\t\t\t\t\t\t<div class=\"elementor-element elementor-element-320df92 elementor-widget elementor-widget-image\" data-id=\"320df92\" data-element_type=\"widget\" data-widget_type=\"image.default\">\n\t\t\t\t<div class=\"elementor-widget-container\">\n\t\t\t\t\t\t\t\t\t\t\t\t\t\t\t<img decoding=\"async\" src=\"https:\/\/revistaguay.fahce.unlp.edu.ar\/wp-content\/uploads\/elementor\/thumbs\/tato-ow8acx041femvj1yysxszt1g587aofydmwo25v5v5s.jpg\" title=\"tato\" alt=\"tato\" loading=\"lazy\" \/>\t\t\t\t\t\t\t\t\t\t\t\t\t\t\t<\/div>\n\t\t\t\t<\/div>\n\t\t\t\t\t<\/div>\n\t\t<\/div>\n\t\t\t\t\t\t\t<\/div>\n\t\t<\/section>\n\t\t\t\t<section class=\"elementor-section elementor-top-section elementor-element elementor-element-9079efc elementor-section-boxed elementor-section-height-default elementor-section-height-default\" data-id=\"9079efc\" data-element_type=\"section\" data-settings=\"{&quot;background_background&quot;:&quot;classic&quot;}\">\n\t\t\t\t\t\t<div class=\"elementor-container elementor-column-gap-default\">\n\t\t\t\t\t<div class=\"elementor-column elementor-col-50 elementor-top-column elementor-element elementor-element-6f28f42\" data-id=\"6f28f42\" data-element_type=\"column\">\n\t\t\t<div class=\"elementor-widget-wrap\">\n\t\t\t\t\t\t\t\t\t<\/div>\n\t\t<\/div>\n\t\t\t\t<div class=\"elementor-column elementor-col-50 elementor-top-column elementor-element elementor-element-65f0473\" data-id=\"65f0473\" data-element_type=\"column\">\n\t\t\t<div class=\"elementor-widget-wrap elementor-element-populated\">\n\t\t\t\t\t\t\t\t<div class=\"elementor-element elementor-element-656dc6d elementor-widget elementor-widget-spacer\" data-id=\"656dc6d\" data-element_type=\"widget\" data-widget_type=\"spacer.default\">\n\t\t\t\t<div class=\"elementor-widget-container\">\n\t\t\t\t\t<div class=\"elementor-spacer\">\n\t\t\t<div class=\"elementor-spacer-inner\"><\/div>\n\t\t<\/div>\n\t\t\t\t<\/div>\n\t\t\t\t<\/div>\n\t\t\t\t\t<\/div>\n\t\t<\/div>\n\t\t\t\t\t\t\t<\/div>\n\t\t<\/section>\n\t\t\t\t<section class=\"elementor-section elementor-top-section elementor-element elementor-element-d35b8cb elementor-section-boxed elementor-section-height-default elementor-section-height-default\" data-id=\"d35b8cb\" data-element_type=\"section\">\n\t\t\t\t\t\t<div class=\"elementor-container elementor-column-gap-default\">\n\t\t\t\t\t<div class=\"elementor-column elementor-col-50 elementor-top-column elementor-element elementor-element-5afc28c\" data-id=\"5afc28c\" data-element_type=\"column\">\n\t\t\t<div class=\"elementor-widget-wrap\">\n\t\t\t\t\t\t\t\t\t<\/div>\n\t\t<\/div>\n\t\t\t\t<div class=\"elementor-column elementor-col-50 elementor-top-column elementor-element elementor-element-90307e3\" data-id=\"90307e3\" data-element_type=\"column\">\n\t\t\t<div class=\"elementor-widget-wrap elementor-element-populated\">\n\t\t\t\t\t\t\t\t<div class=\"elementor-element elementor-element-e157b25 elementor-widget elementor-widget-text-editor\" data-id=\"e157b25\" data-element_type=\"widget\" data-widget_type=\"text-editor.default\">\n\t\t\t\t<div class=\"elementor-widget-container\">\n\t\t\t\t\t\t\t<p style=\"padding-left: 440px; text-align: right;\"><i><span style=\"font-weight: 400;\">La verdadera Guerra, la que yo veo, la que yo oigo, la que yo huelo, es la guerra com\u00fan, es la guerra vulgar y sucia y hedionda de los seres humanos que declaman frases de tragedia. Lloran y se quejan \u00bfquer\u00e9is que os diga m\u00e1s? Ni siquiera se acuerdan de la patria.<\/span><\/i><span style=\"font-weight: 400;\">\u00a0<\/span><\/p><p style=\"text-align: right; padding-left: 40px;\"><span style=\"font-weight: 400;\">Juan Jose de Soiza Reilly,\u00a0<\/span><\/p><p style=\"text-align: right; padding-left: 40px;\"><span style=\"letter-spacing: 0.4px;\">corresponsal argentino en el frente oriental.\u00a0<\/span><\/p>\t\t\t\t\t\t<\/div>\n\t\t\t\t<\/div>\n\t\t\t\t\t<\/div>\n\t\t<\/div>\n\t\t\t\t\t\t\t<\/div>\n\t\t<\/section>\n\t\t\t\t<section class=\"elementor-section elementor-top-section elementor-element elementor-element-83bb280 elementor-section-boxed elementor-section-height-default elementor-section-height-default\" data-id=\"83bb280\" data-element_type=\"section\">\n\t\t\t\t\t\t<div class=\"elementor-container elementor-column-gap-default\">\n\t\t\t\t\t<div class=\"elementor-column elementor-col-100 elementor-top-column elementor-element elementor-element-816558c\" data-id=\"816558c\" data-element_type=\"column\">\n\t\t\t<div class=\"elementor-widget-wrap elementor-element-populated\">\n\t\t\t\t\t\t\t\t<div class=\"elementor-element elementor-element-454f628 elementor-widget elementor-widget-spacer\" data-id=\"454f628\" data-element_type=\"widget\" data-widget_type=\"spacer.default\">\n\t\t\t\t<div class=\"elementor-widget-container\">\n\t\t\t\t\t<div class=\"elementor-spacer\">\n\t\t\t<div class=\"elementor-spacer-inner\"><\/div>\n\t\t<\/div>\n\t\t\t\t<\/div>\n\t\t\t\t<\/div>\n\t\t\t\t\t<\/div>\n\t\t<\/div>\n\t\t\t\t\t\t\t<\/div>\n\t\t<\/section>\n\t\t\t\t<section class=\"elementor-section elementor-top-section elementor-element elementor-element-44c7fe3 elementor-section-boxed elementor-section-height-default elementor-section-height-default\" data-id=\"44c7fe3\" data-element_type=\"section\">\n\t\t\t\t\t\t<div class=\"elementor-container elementor-column-gap-default\">\n\t\t\t\t\t<div class=\"elementor-column elementor-col-50 elementor-top-column elementor-element elementor-element-12efe69\" data-id=\"12efe69\" data-element_type=\"column\">\n\t\t\t<div class=\"elementor-widget-wrap\">\n\t\t\t\t\t\t\t\t\t<\/div>\n\t\t<\/div>\n\t\t\t\t<div class=\"elementor-column elementor-col-50 elementor-top-column elementor-element elementor-element-7c0b245\" data-id=\"7c0b245\" data-element_type=\"column\">\n\t\t\t<div class=\"elementor-widget-wrap elementor-element-populated\">\n\t\t\t\t\t\t\t\t<div class=\"elementor-element elementor-element-13e80af elementor-widget elementor-widget-text-editor\" data-id=\"13e80af\" data-element_type=\"widget\" data-widget_type=\"text-editor.default\">\n\t\t\t\t<div class=\"elementor-widget-container\">\n\t\t\t\t\t\t\t<p><span style=\"font-weight: 400;\">\u00a0 \u00a0 \u00a0R\u00edos de tinta han corrido detr\u00e1s de poner en palabras lo que muchos de sus protagonistas callaron e intentaron olvidar o, por el contrario, como ha comprendido Ernst J\u00fcnger en <\/span><i><span style=\"font-weight: 400;\">Tempestades de acero<\/span><\/i><span style=\"font-weight: 400;\">, se convirti\u00f3 en la aventura m\u00e1s significativa de su vida. La Primera Guerra Mundial o la \u201cGran Guerra\u201d ha sido uno de los eventos que han marcado el devenir de la Historia occidental a tal punto que, como ha expuesto uno de los m\u00e1s grandes exponentes de las ciencias sociales, con ella ha tenido inicio el \u201ccorto siglo XX\u201d (Hobsbawm). Para quien escribe estas l\u00edneas, el desenlace de este conflicto devino en que sus antecesores migraran y se conocieran en la Argentina.\u00a0<\/span><\/p><p><span style=\"font-weight: 400;\">\u00a0 \u00a0 \u00a0 Sin embargo, y hablando en t\u00e9rminos acad\u00e9micos, un an\u00e1lisis pormenorizado de los avatares de las conflagraciones en el territorio porte\u00f1o era inconfundiblemente un espacio vac\u00edo y a completar.\u00a0 Esta vez, a partir de la editorial <\/span><i><span style=\"font-weight: 400;\">Prohistoria<\/span><\/i><span style=\"font-weight: 400;\"> en su colecci\u00f3n Historia Argentina, Maria In\u00e9s Tato, a trav\u00e9s de un trabajo archiv\u00edstico preciso que recurre a instituciones nacionales e internacionales, nos ofrece una aproximaci\u00f3n sin igual a la historia detr\u00e1s de aquellos millones de vidas expectantes y , como ha indicado Gast\u00f3n Sanchez, \u201cpendientes de un hilo\u201d que en el frente m\u00e1s austral de la \u201cGran Guerra\u201d, imaginaron, sufrieron y hasta protagonizaron en carne propia las repercusiones de los acontecimientos en Europa.\u00a0 El corpus de esta obra se estructura en dos partes. Por un lado, los primeros tres cap\u00edtulos referidos a aquellos actores sociales que actuaron como \u201cmediadores culturales\u201d y nexos sociales, produciendo, mediante sus operaciones discursivas, la mism\u00edsima narrativa de los acontecimientos en Europa en la regi\u00f3n rioplatense.\u00a0 Por otro, los cap\u00edtulos IV, V y VI, donde Tato nos invita a sumergirnos en la movilizaci\u00f3n de la sociedad \u201cen sentido m\u00e1s amplio, entendi\u00e9ndola no solo en sus facetas econ\u00f3micas y militares sino tambi\u00e9n como un proceso pol\u00edtico y cultural que involucr\u00f3 en un sistema de valores y en definiciones identitarias estrechamente ligadas a la cuesti\u00f3n nacional\u201d.<\/span><\/p><p><span style=\"font-weight: 400;\">\u00a0 \u00a0 \u00a0En el cap\u00edtulo \u201cLa propaganda b\u00e9lica en el Plata\u201d<\/span><i><span style=\"font-weight: 400;\">, <\/span><\/i><span style=\"font-weight: 400;\">Tato nos invita a inspeccionar distintos artefactos culturales utilizados por los beligerantes en la regi\u00f3n rioplatense a sabiendas de lograr que sus argumentos calaran en los ciudadanos. En este sentido, la autora hace notar que no s\u00f3lo peri\u00f3dicos, panfletos, fotograf\u00edas y films, producidos en Europa, fueron las armas utilizadas por organismos como <\/span><i><span style=\"font-weight: 400;\">Maison de la Presse<\/span><\/i><span style=\"font-weight: 400;\"> o el <\/span><i><span style=\"font-weight: 400;\">Zentralstelle f\u00fcr Auslandsdienst <\/span><\/i><span style=\"font-weight: 400;\">sino tambi\u00e9n que estos mismos organismos, mediante la intersecci\u00f3n de las comunidades \u00e9tnicas asentadas en la regi\u00f3n, buscaron que su aparato propagand\u00edstico incluya tambi\u00e9n las plumas de intelectuales y personalidades nacionales que permitiera una mayor \u201capropiaci\u00f3n y resignificacion\u201d de las narraciones por parte de los consumidores locales.\u00a0 Sin embargo, Tato no se limita simplemente a mencionar aquellas personalidades e instituciones que funcionaron como teatro de operaciones en territorio porte\u00f1o sino, por el contrario, da cuenta tambi\u00e9n del valor inconfundible que tuvieron las relaciones transatl\u00e1nticas que permitieron, por ejemplo, que gran parte de la propaganda germana haya sido producida por editoriales en Espa\u00f1a al igual que aquellas v\u00edas \u2013legales e ilegales- por las cuales se colaba la propaganda aliada en la regi\u00f3n. Asimismo, los argumentos esgrimidos por ambos bandos tambi\u00e9n son analizados en este breve, pero preciso, capitulo inicial: mientras la Triple Entente se posicionaba como veedora del <\/span><i><span style=\"font-weight: 400;\">Panlatinismo<\/span><\/i><span style=\"font-weight: 400;\">, argumentando que era \u201cuna lucha de la civilizaci\u00f3n contra la Barbarie\u201d y la \u201ccolisi\u00f3n cultural entre la democracia y el autoritarismo\u201d, desde los imperios centrales se impugnaba su caracterizaci\u00f3n como \u201cb\u00e1rbaros\u201d y se criticaba el car\u00e1cter colonizador de Inglaterra sobre la soberan\u00eda latinoamericana (dando como ejemplo principal las Islas Malvinas) y las relaciones comerciales desiguales que subsum\u00edan a la regi\u00f3n al mismo tiempo.\u00a0<\/span><\/p><p><span style=\"font-weight: 400;\">\u00a0 \u00a0 \u00a0El cap\u00edtulo II titulado \u201cNoticias de la guerra europea\u201d<\/span> <span style=\"font-weight: 400;\">nos sumerge en los procesos de codificaci\u00f3n, transmisi\u00f3n y circulaci\u00f3n de los mism\u00edsimos telegramas provenientes de Europa en las calles porte\u00f1as. En este sentido, mediante un corpus de fuentes poliling\u00fce, las agencias de noticias <\/span><i><span style=\"font-weight: 400;\">Havas <\/span><\/i><span style=\"font-weight: 400;\">(francesa), <\/span><i><span style=\"font-weight: 400;\">Reuters <\/span><\/i><span style=\"font-weight: 400;\">(inglesa) y <\/span><i><span style=\"font-weight: 400;\">Wolff<\/span><\/i><span style=\"font-weight: 400;\"> (alemana) son analizadas como operadores que, tras la censura oficial de sus respectivos Estados, difundieron sus \u201ccables\u201d entre los principales medios gr\u00e1ficos nacionales de la \u00e9poca. Asimismo, los peri\u00f3dicos nacionales son interpelados en su accionar a modo de redescubrir su posicionamiento en la contienda. Para eludir el consumo pasivo de la informaci\u00f3n proveniente de Europa, los diarios de gran tirada, como eran <\/span><i><span style=\"font-weight: 400;\">La Naci\u00f3n<\/span><\/i><span style=\"font-weight: 400;\"> y <\/span><i><span style=\"font-weight: 400;\">La Prensa,<\/span><\/i><span style=\"font-weight: 400;\"> supieron nutrirse de fuentes alternativas como las agencias de noticias norteamericanas y \u201cenviados especiales\u201d (tales los casos de Juan Jose Soiza Reilly y Roberto Payro) que le permitieron mostrar cierta objetividad, al mismo tiempo que la difusi\u00f3n de forma intercalada de noticias en favor de un bando u otro le otorgaba cierta categor\u00eda de ecuanimidad, a pesar de que, en ambos peri\u00f3dicos, \u201ces factible identificar cierta proclividad difusa hacia la Triple Entente\u201d. Sin embargo, las conflagraciones de la guerra para nuestra autora tambi\u00e9n repercutieron en el modo en que la informaci\u00f3n lleg\u00f3 a nuestras costas, no es un dato menor la destrucci\u00f3n de los cables de la empresa <\/span><i><span style=\"font-weight: 400;\">Wolff <\/span><\/i><span style=\"font-weight: 400;\">en manos de los ingleses que dificultaron el arribo de noticias desde las potencias centrales. En este sentido, no es un dato menor el an\u00e1lisis diagramado por Tato respecto a la fundaci\u00f3n por parte de la colectividad germanoparlante del diario <\/span><i><span style=\"font-weight: 400;\">La Uni\u00f3n<\/span><\/i><span style=\"font-weight: 400;\">, publicado en espa\u00f1ol y con tiradas de m\u00e1s de 40.000 ejemplares,<\/span> <span style=\"font-weight: 400;\">como un organismo que buscaba \u201ccorregir los estereotipos sobre Alemania difundidos por la propaganda\u201d.<\/span><\/p><p><span style=\"font-weight: 400;\">\u00a0 \u00a0 \u00a0Con la excusa de dar cuenta de la movilizaci\u00f3n cultural, econ\u00f3mica y pol\u00edtica protagonizadas por las comunidades \u00e9tnicas en territorio nacional,<\/span> <span style=\"font-weight: 400;\">el cap\u00edtulo III titulado \u201cLos europeos de ultramar frente a la \u2018Uni\u00f3n Sagrada\u2019\u201d, narra las campa\u00f1as de alistamiento para reservistas, las colectas de donaciones y las movilizaciones en apoyo a los respectivos contendientes por parte de las comunidades y sus simpatizantes. No obstante, este cap\u00edtulo, realizado mediante un trabajo de archivo que hace recorrer a nuestra autora desde recortes period\u00edsticos del <\/span><i><span style=\"font-weight: 400;\">Deutsche La Plata Zeitung<\/span><\/i><span style=\"font-weight: 400;\"> y <\/span><i><span style=\"font-weight: 400;\">Giornale d Italia<\/span><\/i><span style=\"font-weight: 400;\"> hasta los informes de la Embajada Francesa en Argentina y la Cruz Roja Internacional, se transforma en un impensado \u201cpunto de fuga\u201d para interrogar y (potencialmente) comprender en profundidad el car\u00e1cter h\u00edbrido que significo el conflicto para aquellas comunidades ling\u00fc\u00edsticas asentadas en el extranjero. El sentido de pertenencia a una naci\u00f3n lejana \u2013que muchos no habr\u00e1n de conocer jam\u00e1s-, la tan ansiada integraci\u00f3n buscada por el Estado Argentino, los l\u00edmites de la ciudadan\u00eda definida en sinton\u00eda con el Estado-Naci\u00f3n y los propios \u201chorizontes de expectativas\u201d que los sujetos arrastraban, son elementos mencionados por la autora, que se ponen en juego para redescubrir una nueva cara de la Historia en los \u201cfrentes internos\u201d y que, sin lugar a dudas, a partir de este libro retornar\u00e1n en investigaciones sucesivas.<\/span><\/p><p><span style=\"font-weight: 400;\">\u00a0 \u00a0 \u00a0Por otra parte, mediante el estudio de las densas redes transnacionales construida por personalidades e instituciones del \u00e1mbito pol\u00edtico y cultural nacional, la auto-movilizaci\u00f3n de la sociedad argentina es analizada en los subsiguientes dos cap\u00edtulos a punto tal de exponer las particulares respuestas locales a los procesos internacionales. As\u00ed, y en la medida en que, \u201cpara elites latinoamericanas Francia representaba la cima de la sofisticaci\u00f3n y del progreso de la civilizaci\u00f3n occidental\u201d, no es casual para Tato advertir que, numerosas figuras nacionales se alistaron en <\/span><i><span style=\"font-weight: 400;\">las armas que<\/span><\/i> <i><span style=\"font-weight: 400;\">defend\u00edan de los valores occidentales y el laicismo<\/span><\/i><span style=\"font-weight: 400;\">, organizaron colectas en el territorio nacional por la causa \u201caliada\u201d al mismo tiempo que, las mujeres de la elite, reproduciendo su supuesto lugar en la sociedad burguesa, se alistaron como enfermeras para los hospitales de campa\u00f1a en las costas francesas. Asimismo, Tato nos hace notar que el \u00e1mbito intelectual se subsumi\u00f3 en una grieta entre <\/span><i><span style=\"font-weight: 400;\">german\u00f3filos<\/span><\/i><span style=\"font-weight: 400;\"> y <\/span><i><span style=\"font-weight: 400;\">aliad\u00f3filos,<\/span><\/i><span style=\"font-weight: 400;\"> interpelada aqu\u00ed como una reproducci\u00f3n de la inserci\u00f3n que cada esfera cient\u00edfica ten\u00eda en particular con las corrientes y paradigmas europeos, donde Par\u00eds se reconoc\u00eda como la metr\u00f3poli cultural por excelencia y Berl\u00edn se percib\u00eda como el cenit de la ciencia y la tecnolog\u00eda. Sin embargo, y con seguridad el elemento m\u00e1s atractivo en estos apartados, nuestra autora nos indica que los posicionamientos y an\u00e1lisis sobre la realidad internacional no estuvieron ajenos de relecturas en clave nacional, internacionalista y hasta latinoamericanista por los int\u00e9rpretes. De este modo, si los sectores liberales interpretaron a la guerra como un conflicto en sinton\u00eda con los ideales sarmientinos en la eterna pugna entre <\/span><i><span style=\"font-weight: 400;\">civilizaci\u00f3n y barbarie<\/span><\/i><span style=\"font-weight: 400;\">, suscribiendo que nuestros caudillos pod\u00edan encontrar en el <\/span><i><span style=\"font-weight: 400;\">Kaizer <\/span><\/i><span style=\"font-weight: 400;\">un buen sucesor en sus pr\u00e1cticas autoritarias y antit\u00e9ticas a la modernidad, Manuel Ugarte, desde su peri\u00f3dico <\/span><i><span style=\"font-weight: 400;\">La Patria, <\/span><\/i><span style=\"font-weight: 400;\">enarbolaba la bandera de la <\/span><i><span style=\"font-weight: 400;\">Patria grande<\/span><\/i><span style=\"font-weight: 400;\"> y la suscrib\u00eda a la idea de mantener una posici\u00f3n neutral y atenta \u201cal verdadero peligro: el imperialismo norteamericano\u201d. En tanto, desde la FORA y el diario <\/span><i><span style=\"font-weight: 400;\">La Protesta,<\/span><\/i><span style=\"font-weight: 400;\"> los anarquistas advert\u00edan que \u201cel proletariado unido que lucha por su emancipaci\u00f3n es contrario a todas las guerras que emprenden los grupos capitalistas y gobernadores para asegurar y ampliar el predominio que ejercen\u201d<\/span><\/p><p><span style=\"font-weight: 400;\">\u00a0 \u00a0 \u00a0La pol\u00edtica en las calles invade al lector en el \u00faltimo cap\u00edtulo de este libro, la efervescencia de las manifestaciones, las discusiones y trifulcas entre neutralistas y rupturistas son reconstruidos aqu\u00ed de modo tal que Tato logra interaccionar los avatares de la pol\u00edtica nacional en torno al conflicto y el \u201chumor social\u201d con la crisis diplom\u00e1tica surgida a partir del hundimiento de tres barcos de bandera nacional por submarinos alemanes y el <\/span><i><span style=\"font-weight: 400;\">Affaire Luxburg. <\/span><\/i><span style=\"font-weight: 400;\">En este sentido, los espacios asociativos y eventos masivos en las plazas porte\u00f1as son recuperados de tal forma que se captan la presiones que desde estos espacios fueron erosionando las instituciones legislativas y el poder ejecutivo nacional. <\/span><i><span style=\"font-weight: 400;\">\u00a0<\/span><\/i><span style=\"font-weight: 400;\">Empero, y tal vez siendo el punto m\u00e1s alto de esta interesant\u00edsima investigaci\u00f3n, la autora da cuenta de c\u00f3mo los distintos actores de la pol\u00edtica argentina argumentaron y se posicionaron como baluartes de la soberan\u00eda nacional al mismo tiempo que acoplaban sus narrativas sobre el presente y el futuro venidero de la Argentina dentro de un entramado ideol\u00f3gico transnacional ligado a sus v\u00ednculos culturales y pol\u00edticos. Es decir, la autora demuestra que la propia definici\u00f3n de la identidad nacional entr\u00f3 en disputa en consecuencia de los acontecimientos que ocurr\u00edan del otro lado del atl\u00e1ntico y en una sociedad donde el proyecto de un Estado-Naci\u00f3n monoling\u00fce estaba en plena consolidaci\u00f3n.<\/span><\/p><p><span style=\"font-weight: 400;\">\u00a0 \u00a0 \u00a0Sin lugar a dudas, lograr en pocas p\u00e1ginas un an\u00e1lisis pormenorizado del devenir de acontecimientos y procesos en constante interacci\u00f3n y en una espacialidad trasatl\u00e1ntica da cuenta de una vida de investigaciones detr\u00e1s de un objetivo claro. Sin embargo, el trabajo de Tato no debe ser encapsulado como un aporte singular a la trama de la historiograf\u00eda nacional. Por el contrario, la autora invita a reivindicar las experiencias de los actores singulares de la historia al mismo tiempo hace posible, a todos aquellos interesados en los procesos migratorios, a redescubrir las identidades h\u00edbridas que construyeron aquellas comunidades \u00e9tnicas en la Argentina. <\/span><\/p>\t\t\t\t\t\t<\/div>\n\t\t\t\t<\/div>\n\t\t\t\t\t<\/div>\n\t\t<\/div>\n\t\t\t\t\t\t\t<\/div>\n\t\t<\/section>\n\t\t\t\t<section class=\"elementor-section elementor-top-section elementor-element elementor-element-45b44c0 elementor-section-boxed elementor-section-height-default elementor-section-height-default\" data-id=\"45b44c0\" data-element_type=\"section\">\n\t\t\t\t\t\t<div class=\"elementor-container elementor-column-gap-default\">\n\t\t\t\t\t<div class=\"elementor-column elementor-col-100 elementor-top-column elementor-element elementor-element-ebc865f\" data-id=\"ebc865f\" data-element_type=\"column\">\n\t\t\t<div class=\"elementor-widget-wrap elementor-element-populated\">\n\t\t\t\t\t\t\t\t<div class=\"elementor-element elementor-element-0e714b4 elementor-widget elementor-widget-spacer\" data-id=\"0e714b4\" data-element_type=\"widget\" data-widget_type=\"spacer.default\">\n\t\t\t\t<div class=\"elementor-widget-container\">\n\t\t\t\t\t<div class=\"elementor-spacer\">\n\t\t\t<div class=\"elementor-spacer-inner\"><\/div>\n\t\t<\/div>\n\t\t\t\t<\/div>\n\t\t\t\t<\/div>\n\t\t\t\t\t<\/div>\n\t\t<\/div>\n\t\t\t\t\t\t\t<\/div>\n\t\t<\/section>\n\t\t\t\t<section class=\"elementor-section elementor-top-section elementor-element elementor-element-610cda1 elementor-section-boxed elementor-section-height-default elementor-section-height-default\" data-id=\"610cda1\" data-element_type=\"section\">\n\t\t\t\t\t\t<div class=\"elementor-container elementor-column-gap-default\">\n\t\t\t\t\t<div class=\"elementor-column elementor-col-50 elementor-top-column elementor-element elementor-element-70200ae\" data-id=\"70200ae\" data-element_type=\"column\">\n\t\t\t<div class=\"elementor-widget-wrap\">\n\t\t\t\t\t\t\t\t\t<\/div>\n\t\t<\/div>\n\t\t\t\t<div class=\"elementor-column elementor-col-50 elementor-top-column elementor-element elementor-element-50afb28\" data-id=\"50afb28\" data-element_type=\"column\">\n\t\t\t<div class=\"elementor-widget-wrap elementor-element-populated\">\n\t\t\t\t\t\t\t\t<div class=\"elementor-element elementor-element-8be0f55 elementor-widget elementor-widget-heading\" data-id=\"8be0f55\" data-element_type=\"widget\" data-widget_type=\"heading.default\">\n\t\t\t\t<div class=\"elementor-widget-container\">\n\t\t\t<h2 class=\"elementor-heading-title elementor-size-default\">TOM\u00c1S SCHIERENBECK\n\n\n\n<\/h2>\t\t<\/div>\n\t\t\t\t<\/div>\n\t\t\t\t\t<\/div>\n\t\t<\/div>\n\t\t\t\t\t\t\t<\/div>\n\t\t<\/section>\n\t\t\t\t<section class=\"elementor-section elementor-top-section elementor-element elementor-element-7fefd11 elementor-section-boxed elementor-section-height-default elementor-section-height-default\" data-id=\"7fefd11\" data-element_type=\"section\">\n\t\t\t\t\t\t<div class=\"elementor-container elementor-column-gap-default\">\n\t\t\t\t\t<div class=\"elementor-column elementor-col-50 elementor-top-column elementor-element elementor-element-0a152a1\" data-id=\"0a152a1\" data-element_type=\"column\">\n\t\t\t<div class=\"elementor-widget-wrap\">\n\t\t\t\t\t\t\t\t\t<\/div>\n\t\t<\/div>\n\t\t\t\t<div class=\"elementor-column elementor-col-50 elementor-top-column elementor-element elementor-element-0c5c3ef\" data-id=\"0c5c3ef\" data-element_type=\"column\">\n\t\t\t<div class=\"elementor-widget-wrap elementor-element-populated\">\n\t\t\t\t\t\t\t\t<div class=\"elementor-element elementor-element-bb61737 elementor-widget elementor-widget-text-editor\" data-id=\"bb61737\" data-element_type=\"widget\" data-widget_type=\"text-editor.default\">\n\t\t\t\t<div class=\"elementor-widget-container\">\n\t\t\t\t\t\t\t<p><span style=\"font-weight: 400;\">Es Licenciado en Historia (UNLP-FaHCE). Doctorando en Estudios Interdisciplinarios de Europa y Am\u00e9rica Latina (CONICET-FaHCE\/Universit\u00e4t Rostock).<\/span><\/p>\t\t\t\t\t\t<\/div>\n\t\t\t\t<\/div>\n\t\t\t\t\t<\/div>\n\t\t<\/div>\n\t\t\t\t\t\t\t<\/div>\n\t\t<\/section>\n\t\t\t\t<section class=\"elementor-section elementor-top-section elementor-element elementor-element-ac84b4f elementor-section-boxed elementor-section-height-default elementor-section-height-default\" data-id=\"ac84b4f\" data-element_type=\"section\">\n\t\t\t\t\t\t<div class=\"elementor-container elementor-column-gap-default\">\n\t\t\t\t\t<div class=\"elementor-column elementor-col-50 elementor-top-column elementor-element elementor-element-41844d0\" data-id=\"41844d0\" data-element_type=\"column\">\n\t\t\t<div class=\"elementor-widget-wrap\">\n\t\t\t\t\t\t\t\t\t<\/div>\n\t\t<\/div>\n\t\t\t\t<div class=\"elementor-column elementor-col-50 elementor-top-column elementor-element elementor-element-e9906a0\" data-id=\"e9906a0\" data-element_type=\"column\">\n\t\t\t<div class=\"elementor-widget-wrap elementor-element-populated\">\n\t\t\t\t\t\t\t\t<div class=\"elementor-element elementor-element-598ce1e elementor-widget-divider--view-line elementor-widget elementor-widget-divider\" data-id=\"598ce1e\" data-element_type=\"widget\" data-widget_type=\"divider.default\">\n\t\t\t\t<div class=\"elementor-widget-container\">\n\t\t\t\t\t<div class=\"elementor-divider\">\n\t\t\t<span class=\"elementor-divider-separator\">\n\t\t\t\t\t\t<\/span>\n\t\t<\/div>\n\t\t\t\t<\/div>\n\t\t\t\t<\/div>\n\t\t\t\t<div class=\"elementor-element elementor-element-c8b304f elementor-widget elementor-widget-html\" data-id=\"c8b304f\" data-element_type=\"widget\" data-widget_type=\"html.default\">\n\t\t\t\t<div class=\"elementor-widget-container\">\n\t\t\t<span class=\"tags-links\"><span\n<div class=\"tagcloud\"><a href=\"https:\/\/revistaguay.fahce.unlp.edu.ar\/index.php\/tag\/octubre-2020\/\" class=\"tag-cloud-link tag-link-60 tag-link-position-12\" style=\"font-size: 11pt;\" aria-label=\"octubre-2020\">octubre 2020<\/a> \u00b7\n<a href=\"https:\/\/revistaguay.fahce.unlp.edu.ar\/index.php\/tag\/maria-ines-tato\/\" class=\"tag-cloud-link tag-link-49 tag-link-position-1\" style=\"font-size: 11pt;\" aria-label=\"maria-ines-tato\">Mar\u00eda In\u00e9s Tato<\/a> \u00b7\n<a href=\"https:\/\/revistaguay.fahce.unlp.edu.ar\/index.php\/tag\/primera-guerra-mundial\/\" class=\"tag-cloud-link tag-link-38 tag-link-position-2\" style=\"font-size: 11pt;\" aria-label=\"primera-guerra-mundial\">Primera Guerra Mundial<\/a> \u00b7\n<a href=\"https:\/\/revistaguay.fahce.unlp.edu.ar\/index.php\/tag\/migracion\/\" class=\"tag-cloud-link tag-link-38 tag-link-position-2\" style=\"font-size: 11pt;\" aria-label=\"migracion\">migraci\u00f3n<\/a> \u00b7\t\t<\/div>\n\t\t\t\t<\/div>\n\t\t\t\t\t<\/div>\n\t\t<\/div>\n\t\t\t\t\t\t\t<\/div>\n\t\t<\/section>\n\t\t\t\t<section class=\"elementor-section elementor-top-section elementor-element elementor-element-175b698 elementor-section-boxed elementor-section-height-default elementor-section-height-default\" data-id=\"175b698\" data-element_type=\"section\">\n\t\t\t\t\t\t<div class=\"elementor-container elementor-column-gap-default\">\n\t\t\t\t\t<div class=\"elementor-column elementor-col-100 elementor-top-column elementor-element elementor-element-d5b68db\" data-id=\"d5b68db\" data-element_type=\"column\">\n\t\t\t<div class=\"elementor-widget-wrap elementor-element-populated\">\n\t\t\t\t\t\t\t\t<div class=\"elementor-element elementor-element-c8332c1 elementor-widget elementor-widget-spacer\" data-id=\"c8332c1\" data-element_type=\"widget\" data-widget_type=\"spacer.default\">\n\t\t\t\t<div class=\"elementor-widget-container\">\n\t\t\t\t\t<div class=\"elementor-spacer\">\n\t\t\t<div class=\"elementor-spacer-inner\"><\/div>\n\t\t<\/div>\n\t\t\t\t<\/div>\n\t\t\t\t<\/div>\n\t\t\t\t\t<\/div>\n\t\t<\/div>\n\t\t\t\t\t\t\t<\/div>\n\t\t<\/section>\n\t\t\t\t<section class=\"elementor-section elementor-top-section elementor-element elementor-element-aa8f2be elementor-section-boxed elementor-section-height-default elementor-section-height-default\" data-id=\"aa8f2be\" data-element_type=\"section\" data-settings=\"{&quot;background_background&quot;:&quot;classic&quot;}\">\n\t\t\t\t\t\t<div class=\"elementor-container elementor-column-gap-default\">\n\t\t\t\t\t<div class=\"elementor-column elementor-col-25 elementor-top-column elementor-element elementor-element-e98be7a\" data-id=\"e98be7a\" data-element_type=\"column\">\n\t\t\t<div class=\"elementor-widget-wrap elementor-element-populated\">\n\t\t\t\t\t\t\t\t<div class=\"elementor-element elementor-element-dcd6953 elementor-widget elementor-widget-image\" data-id=\"dcd6953\" data-element_type=\"widget\" data-widget_type=\"image.default\">\n\t\t\t\t<div class=\"elementor-widget-container\">\n\t\t\t\t\t\t\t\t\t\t\t\t\t\t\t\t<a href=\"https:\/\/revistaguay.fahce.unlp.edu.ar\/\">\n\t\t\t\t\t\t\t<img decoding=\"async\" loading=\"lazy\" width=\"120\" height=\"61\" src=\"https:\/\/revistaguay.fahce.unlp.edu.ar\/wp-content\/uploads\/2019\/03\/guay-blanco3.png\" class=\"attachment-large size-large wp-image-221\" alt=\"\" \/>\t\t\t\t\t\t\t\t<\/a>\n\t\t\t\t\t\t\t\t\t\t\t\t\t\t\t<\/div>\n\t\t\t\t<\/div>\n\t\t\t\t\t<\/div>\n\t\t<\/div>\n\t\t\t\t<div class=\"elementor-column elementor-col-50 elementor-top-column elementor-element elementor-element-1beea05\" data-id=\"1beea05\" data-element_type=\"column\">\n\t\t\t<div class=\"elementor-widget-wrap elementor-element-populated\">\n\t\t\t\t\t\t\t\t<div class=\"elementor-element elementor-element-f56c4c6 elementor-widget elementor-widget-text-editor\" data-id=\"f56c4c6\" data-element_type=\"widget\" data-widget_type=\"text-editor.default\">\n\t\t\t\t<div class=\"elementor-widget-container\">\n\t\t\t\t\t\t\t<p><span style=\"color: #ffffff;\"><a style=\"letter-spacing: 0px; background-color: #000000; color: #ffffff;\" href=\"http:\/\/www.fahce.unlp.edu.ar\/\" target=\"_blank\" rel=\"noopener\">Facultad de Humanidades y Ciencias de la Educaci\u00f3n | Universidad Nacional de La Plata<\/a>\u00a0<\/span><br \/>Calle 51 e\/ 124 y 125 | (1925) Ensenada | Buenos Aires | Argentina<\/p>\t\t\t\t\t\t<\/div>\n\t\t\t\t<\/div>\n\t\t\t\t\t<\/div>\n\t\t<\/div>\n\t\t\t\t<div class=\"elementor-column elementor-col-25 elementor-top-column elementor-element elementor-element-54c6517\" data-id=\"54c6517\" data-element_type=\"column\">\n\t\t\t<div class=\"elementor-widget-wrap elementor-element-populated\">\n\t\t\t\t\t\t\t\t<div class=\"elementor-element elementor-element-0ed7a35 elementor-shape-circle e-grid-align-mobile-center elementor-grid-0 e-grid-align-center elementor-widget elementor-widget-social-icons\" data-id=\"0ed7a35\" data-element_type=\"widget\" data-widget_type=\"social-icons.default\">\n\t\t\t\t<div class=\"elementor-widget-container\">\n\t\t\t\t\t<div class=\"elementor-social-icons-wrapper elementor-grid\">\n\t\t\t\t\t\t\t<span class=\"elementor-grid-item\">\n\t\t\t\t\t<a class=\"elementor-icon elementor-social-icon elementor-social-icon-facebook elementor-animation-pulse-shrink elementor-repeater-item-2fdf362\" href=\"https:\/\/www.facebook.com\/RevistaGuay\" target=\"_blank\">\n\t\t\t\t\t\t<span class=\"elementor-screen-only\">Facebook<\/span>\n\t\t\t\t\t\t\t\t\t\t\t\t\t<i class=\"fa fa-facebook\"><\/i>\n\t\t\t\t\t\t\t\t\t\t\t<\/a>\n\t\t\t\t<\/span>\n\t\t\t\t\t\t\t<span class=\"elementor-grid-item\">\n\t\t\t\t\t<a class=\"elementor-icon elementor-social-icon elementor-social-icon-twitter elementor-animation-pulse-shrink elementor-repeater-item-3c0110f\" href=\"https:\/\/twitter.com\/RevistaGuay\" target=\"_blank\">\n\t\t\t\t\t\t<span class=\"elementor-screen-only\">Twitter<\/span>\n\t\t\t\t\t\t\t\t\t\t\t\t\t<i class=\"fa fa-twitter\"><\/i>\n\t\t\t\t\t\t\t\t\t\t\t<\/a>\n\t\t\t\t<\/span>\n\t\t\t\t\t\t\t<span class=\"elementor-grid-item\">\n\t\t\t\t\t<a class=\"elementor-icon elementor-social-icon elementor-social-icon-instagram elementor-animation-pulse-shrink elementor-repeater-item-07993e9\" href=\"https:\/\/www.instagram.com\/revista.guay\/\" target=\"_blank\">\n\t\t\t\t\t\t<span class=\"elementor-screen-only\">Instagram<\/span>\n\t\t\t\t\t\t\t\t\t\t\t\t\t<i class=\"fa fa-instagram\"><\/i>\n\t\t\t\t\t\t\t\t\t\t\t<\/a>\n\t\t\t\t<\/span>\n\t\t\t\t\t\t\t<span class=\"elementor-grid-item\">\n\t\t\t\t\t<a class=\"elementor-icon elementor-social-icon elementor-social-icon-envelope elementor-animation-pulse-shrink elementor-repeater-item-6f94034\" href=\"https:\/\/revistaguay.fahce.unlp.edu.ar\/index.php\/contacto\/\" target=\"_blank\">\n\t\t\t\t\t\t<span class=\"elementor-screen-only\">Envelope<\/span>\n\t\t\t\t\t\t\t\t\t\t\t\t\t<i class=\"fa fa-envelope\"><\/i>\n\t\t\t\t\t\t\t\t\t\t\t<\/a>\n\t\t\t\t<\/span>\n\t\t\t\t\t<\/div>\n\t\t\t\t<\/div>\n\t\t\t\t<\/div>\n\t\t\t\t\t<\/div>\n\t\t<\/div>\n\t\t\t\t\t\t\t<\/div>\n\t\t<\/section>\n\t\t\t\t\t\t\t<\/div>\n\t\t","protected":false},"excerpt":{"rendered":"<p>HISTORIA TOM\u00c1S SCHIERENBECK La trinchera austral. La sociedad argentina ante la Primera Guerra Mundial (2017) de Mar\u00eda In\u00e9s Tato La verdadera Guerra, la que yo veo, la que yo oigo, la que yo huelo, es la guerra com\u00fan, es la guerra vulgar y sucia y hedionda de los seres humanos que declaman frases de tragedia. &#8230; <a title=\"La trinchera austral, de Tato\" class=\"read-more\" href=\"https:\/\/revistaguay.fahce.unlp.edu.ar\/index.php\/2020\/10\/01\/la-trinchera-austral-de-tato\/\">Leer m\u00e1s <span class=\"screen-reader-text\">La trinchera austral, de Tato<\/span><\/a><\/p>\n","protected":false},"author":1,"featured_media":0,"comment_status":"open","ping_status":"open","sticky":false,"template":"elementor_canvas","format":"standard","meta":{"_mi_skip_tracking":false,"_exactmetrics_sitenote_active":false,"_exactmetrics_sitenote_note":"","_exactmetrics_sitenote_category":0,"footnotes":""},"categories":[4],"tags":[344,45,256,345,347],"_links":{"self":[{"href":"https:\/\/revistaguay.fahce.unlp.edu.ar\/index.php\/wp-json\/wp\/v2\/posts\/2930"}],"collection":[{"href":"https:\/\/revistaguay.fahce.unlp.edu.ar\/index.php\/wp-json\/wp\/v2\/posts"}],"about":[{"href":"https:\/\/revistaguay.fahce.unlp.edu.ar\/index.php\/wp-json\/wp\/v2\/types\/post"}],"author":[{"embeddable":true,"href":"https:\/\/revistaguay.fahce.unlp.edu.ar\/index.php\/wp-json\/wp\/v2\/users\/1"}],"replies":[{"embeddable":true,"href":"https:\/\/revistaguay.fahce.unlp.edu.ar\/index.php\/wp-json\/wp\/v2\/comments?post=2930"}],"version-history":[{"count":11,"href":"https:\/\/revistaguay.fahce.unlp.edu.ar\/index.php\/wp-json\/wp\/v2\/posts\/2930\/revisions"}],"predecessor-version":[{"id":3205,"href":"https:\/\/revistaguay.fahce.unlp.edu.ar\/index.php\/wp-json\/wp\/v2\/posts\/2930\/revisions\/3205"}],"wp:attachment":[{"href":"https:\/\/revistaguay.fahce.unlp.edu.ar\/index.php\/wp-json\/wp\/v2\/media?parent=2930"}],"wp:term":[{"taxonomy":"category","embeddable":true,"href":"https:\/\/revistaguay.fahce.unlp.edu.ar\/index.php\/wp-json\/wp\/v2\/categories?post=2930"},{"taxonomy":"post_tag","embeddable":true,"href":"https:\/\/revistaguay.fahce.unlp.edu.ar\/index.php\/wp-json\/wp\/v2\/tags?post=2930"}],"curies":[{"name":"wp","href":"https:\/\/api.w.org\/{rel}","templated":true}]}}