{"id":3452,"date":"2021-04-21T18:08:23","date_gmt":"2021-04-21T21:08:23","guid":{"rendered":"http:\/\/revistaguay.fahce.unlp.edu.ar\/?p=3452"},"modified":"2021-05-11T08:33:18","modified_gmt":"2021-05-11T11:33:18","slug":"mar-del-plata-un-sueno-de-los-argentinos-de-pastoriza-y-torre","status":"publish","type":"post","link":"https:\/\/revistaguay.fahce.unlp.edu.ar\/index.php\/2021\/04\/21\/mar-del-plata-un-sueno-de-los-argentinos-de-pastoriza-y-torre\/","title":{"rendered":"Mar del Plata. Un sue\u00f1o de los argentinos, de Pastoriza y Torre"},"content":{"rendered":"\t\t<div data-elementor-type=\"wp-post\" data-elementor-id=\"3452\" class=\"elementor elementor-3452\" data-elementor-post-type=\"post\">\n\t\t\t\t\t\t\t\t\t<section class=\"elementor-section elementor-top-section elementor-element elementor-element-e7f65a2 elementor-section-boxed elementor-section-height-default elementor-section-height-default\" data-id=\"e7f65a2\" data-element_type=\"section\">\n\t\t\t\t\t\t<div class=\"elementor-container elementor-column-gap-default\">\n\t\t\t\t\t<div class=\"elementor-column elementor-col-100 elementor-top-column elementor-element elementor-element-fe6c7f8\" data-id=\"fe6c7f8\" data-element_type=\"column\">\n\t\t\t<div class=\"elementor-widget-wrap elementor-element-populated\">\n\t\t\t\t\t\t\t\t<div class=\"elementor-element elementor-element-f18277d elementor-widget-divider--view-line elementor-widget elementor-widget-divider\" data-id=\"f18277d\" data-element_type=\"widget\" data-widget_type=\"divider.default\">\n\t\t\t\t<div class=\"elementor-widget-container\">\n\t\t\t\t\t<div class=\"elementor-divider\">\n\t\t\t<span class=\"elementor-divider-separator\">\n\t\t\t\t\t\t<\/span>\n\t\t<\/div>\n\t\t\t\t<\/div>\n\t\t\t\t<\/div>\n\t\t\t\t\t<\/div>\n\t\t<\/div>\n\t\t\t\t\t\t\t<\/div>\n\t\t<\/section>\n\t\t\t\t<section class=\"elementor-section elementor-top-section elementor-element elementor-element-d9a184b elementor-section-boxed elementor-section-height-default elementor-section-height-default\" data-id=\"d9a184b\" data-element_type=\"section\">\n\t\t\t\t\t\t<div class=\"elementor-container elementor-column-gap-default\">\n\t\t\t\t\t<div class=\"elementor-column elementor-col-100 elementor-top-column elementor-element elementor-element-2055e11\" data-id=\"2055e11\" data-element_type=\"column\">\n\t\t\t<div class=\"elementor-widget-wrap elementor-element-populated\">\n\t\t\t\t\t\t\t\t<div class=\"elementor-element elementor-element-0e10f3e elementor-widget elementor-widget-spacer\" data-id=\"0e10f3e\" data-element_type=\"widget\" data-widget_type=\"spacer.default\">\n\t\t\t\t<div class=\"elementor-widget-container\">\n\t\t\t\t\t<div class=\"elementor-spacer\">\n\t\t\t<div class=\"elementor-spacer-inner\"><\/div>\n\t\t<\/div>\n\t\t\t\t<\/div>\n\t\t\t\t<\/div>\n\t\t\t\t\t<\/div>\n\t\t<\/div>\n\t\t\t\t\t\t\t<\/div>\n\t\t<\/section>\n\t\t\t\t<section class=\"elementor-section elementor-top-section elementor-element elementor-element-53c12f0 elementor-section-boxed elementor-section-height-default elementor-section-height-default\" data-id=\"53c12f0\" data-element_type=\"section\">\n\t\t\t\t\t\t<div class=\"elementor-container elementor-column-gap-default\">\n\t\t\t\t\t<div class=\"elementor-column elementor-col-33 elementor-top-column elementor-element elementor-element-9bc7562\" data-id=\"9bc7562\" data-element_type=\"column\">\n\t\t\t<div class=\"elementor-widget-wrap elementor-element-populated\">\n\t\t\t\t\t\t\t\t<div class=\"elementor-element elementor-element-65403f5 elementor-widget elementor-widget-html\" data-id=\"65403f5\" data-element_type=\"widget\" data-widget_type=\"html.default\">\n\t\t\t\t<div class=\"elementor-widget-container\">\n\t\t\t<a class=img style=\"display:scroll;\nposition:fixed; bottom:00 px; right:1400px;\" href='https:\/\/revistaguay.fahce.unlp.edu.ar\/index.php\/home-11'><img src='https:\/\/revistaguay.fahce.unlp.edu.ar\/wp-content\/uploads\/2019\/04\/flecha.png' border=\"0\"\/><\/a>\n\t\t<\/div>\n\t\t\t\t<\/div>\n\t\t\t\t\t<\/div>\n\t\t<\/div>\n\t\t\t\t<div class=\"elementor-column elementor-col-33 elementor-top-column elementor-element elementor-element-a3b838b\" data-id=\"a3b838b\" data-element_type=\"column\">\n\t\t\t<div class=\"elementor-widget-wrap elementor-element-populated\">\n\t\t\t\t\t\t\t\t<div class=\"elementor-element elementor-element-f57d826 elementor-widget elementor-widget-heading\" data-id=\"f57d826\" data-element_type=\"widget\" data-widget_type=\"heading.default\">\n\t\t\t\t<div class=\"elementor-widget-container\">\n\t\t\t<h2 class=\"elementor-heading-title elementor-size-default\"><font color=\"#b31e1f\">HISTORIA<br><\/font><p style=\"\"><font color=\"#b31e1f\">\n<\/font>JUAN LUIS BESOKY<span style=\"color: rgb(110, 193, 228); font-style: inherit; letter-spacing: 4.2px; font-style: inherit; letter-spacing: 4.2px;\"><\/span><\/p><br><\/h2>\t\t<\/div>\n\t\t\t\t<\/div>\n\t\t\t\t<div class=\"elementor-element elementor-element-c982493 elementor-widget elementor-widget-heading\" data-id=\"c982493\" data-element_type=\"widget\" data-widget_type=\"heading.default\">\n\t\t\t\t<div class=\"elementor-widget-container\">\n\t\t\t<h2 class=\"elementor-heading-title elementor-size-default\">Mar del Plata. Un sue\u00f1o de los argentinos.<br><font size=\"6\">(2019)<\/font><br>\n<span style=\"color: #999999;\">de Elisa Pastoriza y Juan Carlos Torre<\/span><\/h2>\t\t<\/div>\n\t\t\t\t<\/div>\n\t\t\t\t\t<\/div>\n\t\t<\/div>\n\t\t\t\t<div class=\"elementor-column elementor-col-33 elementor-top-column elementor-element elementor-element-9378a75\" data-id=\"9378a75\" data-element_type=\"column\">\n\t\t\t<div class=\"elementor-widget-wrap elementor-element-populated\">\n\t\t\t\t\t\t\t\t<div class=\"elementor-element elementor-element-2ea1eda elementor-widget elementor-widget-image\" data-id=\"2ea1eda\" data-element_type=\"widget\" data-widget_type=\"image.default\">\n\t\t\t\t<div class=\"elementor-widget-container\">\n\t\t\t\t\t\t\t\t\t\t\t\t\t\t\t<img decoding=\"async\" loading=\"lazy\" width=\"241\" height=\"350\" src=\"https:\/\/revistaguay.fahce.unlp.edu.ar\/wp-content\/uploads\/2021\/04\/MAR-DEL.jpg\" class=\"attachment-large size-large wp-image-3455\" alt=\"\" srcset=\"https:\/\/revistaguay.fahce.unlp.edu.ar\/wp-content\/uploads\/2021\/04\/MAR-DEL.jpg 241w, https:\/\/revistaguay.fahce.unlp.edu.ar\/wp-content\/uploads\/2021\/04\/MAR-DEL-207x300.jpg 207w\" sizes=\"(max-width: 241px) 100vw, 241px\" \/>\t\t\t\t\t\t\t\t\t\t\t\t\t\t\t<\/div>\n\t\t\t\t<\/div>\n\t\t\t\t\t<\/div>\n\t\t<\/div>\n\t\t\t\t\t\t\t<\/div>\n\t\t<\/section>\n\t\t\t\t<section class=\"elementor-section elementor-top-section elementor-element elementor-element-8c1e235 elementor-section-boxed elementor-section-height-default elementor-section-height-default\" data-id=\"8c1e235\" data-element_type=\"section\" data-settings=\"{&quot;background_background&quot;:&quot;classic&quot;}\">\n\t\t\t\t\t\t<div class=\"elementor-container elementor-column-gap-default\">\n\t\t\t\t\t<div class=\"elementor-column elementor-col-50 elementor-top-column elementor-element elementor-element-8720b5c\" data-id=\"8720b5c\" data-element_type=\"column\">\n\t\t\t<div class=\"elementor-widget-wrap\">\n\t\t\t\t\t\t\t\t\t<\/div>\n\t\t<\/div>\n\t\t\t\t<div class=\"elementor-column elementor-col-50 elementor-top-column elementor-element elementor-element-a1b9e95\" data-id=\"a1b9e95\" data-element_type=\"column\">\n\t\t\t<div class=\"elementor-widget-wrap elementor-element-populated\">\n\t\t\t\t\t\t\t\t<div class=\"elementor-element elementor-element-6894c69 elementor-widget elementor-widget-spacer\" data-id=\"6894c69\" data-element_type=\"widget\" data-widget_type=\"spacer.default\">\n\t\t\t\t<div class=\"elementor-widget-container\">\n\t\t\t\t\t<div class=\"elementor-spacer\">\n\t\t\t<div class=\"elementor-spacer-inner\"><\/div>\n\t\t<\/div>\n\t\t\t\t<\/div>\n\t\t\t\t<\/div>\n\t\t\t\t\t<\/div>\n\t\t<\/div>\n\t\t\t\t\t\t\t<\/div>\n\t\t<\/section>\n\t\t\t\t<section class=\"elementor-section elementor-top-section elementor-element elementor-element-dcf89ed elementor-section-boxed elementor-section-height-default elementor-section-height-default\" data-id=\"dcf89ed\" data-element_type=\"section\">\n\t\t\t\t\t\t<div class=\"elementor-container elementor-column-gap-default\">\n\t\t\t\t\t<div class=\"elementor-column elementor-col-100 elementor-top-column elementor-element elementor-element-c4e2b78\" data-id=\"c4e2b78\" data-element_type=\"column\">\n\t\t\t<div class=\"elementor-widget-wrap elementor-element-populated\">\n\t\t\t\t\t\t\t\t<div class=\"elementor-element elementor-element-b20ae35 elementor-widget elementor-widget-spacer\" data-id=\"b20ae35\" data-element_type=\"widget\" data-widget_type=\"spacer.default\">\n\t\t\t\t<div class=\"elementor-widget-container\">\n\t\t\t\t\t<div class=\"elementor-spacer\">\n\t\t\t<div class=\"elementor-spacer-inner\"><\/div>\n\t\t<\/div>\n\t\t\t\t<\/div>\n\t\t\t\t<\/div>\n\t\t\t\t\t<\/div>\n\t\t<\/div>\n\t\t\t\t\t\t\t<\/div>\n\t\t<\/section>\n\t\t\t\t<section class=\"elementor-section elementor-top-section elementor-element elementor-element-cee5389 elementor-section-boxed elementor-section-height-default elementor-section-height-default\" data-id=\"cee5389\" data-element_type=\"section\">\n\t\t\t\t\t\t<div class=\"elementor-container elementor-column-gap-default\">\n\t\t\t\t\t<div class=\"elementor-column elementor-col-50 elementor-top-column elementor-element elementor-element-7d5f710\" data-id=\"7d5f710\" data-element_type=\"column\">\n\t\t\t<div class=\"elementor-widget-wrap\">\n\t\t\t\t\t\t\t\t\t<\/div>\n\t\t<\/div>\n\t\t\t\t<div class=\"elementor-column elementor-col-50 elementor-top-column elementor-element elementor-element-1ea7455\" data-id=\"1ea7455\" data-element_type=\"column\">\n\t\t\t<div class=\"elementor-widget-wrap elementor-element-populated\">\n\t\t\t\t\t\t\t\t<div class=\"elementor-element elementor-element-93c657e elementor-widget elementor-widget-text-editor\" data-id=\"93c657e\" data-element_type=\"widget\" data-widget_type=\"text-editor.default\">\n\t\t\t\t<div class=\"elementor-widget-container\">\n\t\t\t\t\t\t\t<p>\u00a0\u00a0\u00a0<\/p><p><span style=\"font-weight: 400;\">\u00a0 \u00a0 \u00a0El libro de Pastoriza y Torre genera una lectura amena y entretenida. Lo ligero de su lectura, no implica que carezca de profundidad. Centrado en contar los or\u00edgenes de la ciudad balnearia hasta los a\u00f1os setenta del siglo XX, el libro es tambi\u00e9n un relato sobre los argentinos y sus sue\u00f1os colectivos. Anclados en la historia social, los autores incorporan diversos registros y fuentes que nos acercan a las historias individuales Todos los cap\u00edtulos van acompa\u00f1ados de una notable selecci\u00f3n de im\u00e1genes de Mar del Plata e incluso de ciudades balnearias a las que se pretend\u00eda imitar. Diferentes pinturas, planos y fotograf\u00edas, muchas de ellas provenientes del archivo hist\u00f3rico municipal Barili, contribuyen a acercarnos a la realidad de esos tiempos.\u00a0<\/span><\/p><p><span style=\"font-weight: 400;\">\u00a0 \u00a0 \u00a0El cap\u00edtulo I llamado \u201cUn lugar de veraneo junto al mar\u201d inicia con las trayectorias de dos figuras emblem\u00e1ticas de Mar del Plata: su fundador Patricio Peralta Ramos y el terrateniente Pedro Luro. La vida de este \u00faltimo ilustra las posibilidades de vertiginoso ascenso social que presentaba para algunos la Argentina de finales del siglo XIX.\u00a0 Luro, un inmigrante vasco llegado al pa\u00eds en 1837, con tan solo 17 a\u00f1os comenz\u00f3 trabajando en un saladero para luego dedicarse al transporte de pasajeros. Con el tiempo comenz\u00f3 a arrendar tierras para forestarlas y termin\u00f3 adquiriendo propiedades para convertirse en un importante terrateniente.\u00a0 Fue en las tierras costeras de Peralta Ramos que Luro instal\u00f3 un saladero, construy\u00f3 un muelle y dio impulso al desarrollo tur\u00edstico de la ciudad.<\/span><\/p><p><span style=\"font-weight: 400;\">\u00a0 \u00a0 \u00a0Los autores aprovechan el inicio de este proyecto para reconstruir las costumbres de la elite porte\u00f1a antes de que la ciudad existiese. Guiados por la pluma de los autores recorremos la tradici\u00f3n de la elite porte\u00f1a de pasar los meses de verano en las quintas de las afueras de la ciudad: Flores, Belgrano, San Isidro, Tigre y San Fernando eran los tradicionales lugares de veraneo. El reemplazo de las quintas por la costumbre de vacacionar en el mar obliga a reconstruir la manera en que el imaginario europeo del siglo XVIII fue cambiando su visi\u00f3n del mar y sus riberas. As\u00ed como en un primer momento la sociabilidad de la playa se organiz\u00f3 inicialmente en torno a la enfermedad y no a la diversi\u00f3n, el transcurso del tiempo ir\u00eda consolidando el modelo de ciudades de descanso y esparcimiento como Bath, Brighton, las costas de Normand\u00eda y la m\u00e1s famosas de las ciudades balnearias: Biarritz. Esta moda de veranear en el mar fue copiada aqu\u00ed en las costas de Uruguay, siendo la playa de Pocitos en Montevideo el destino preferido de la elite argentina antes de que Mar del Plata la reemplazara.\u00a0<\/span><\/p><p><span style=\"font-weight: 400;\">\u00a0 \u00a0 \u00a0\u201cLa construcci\u00f3n de la Villa Balnearia\u201d nos lleva por los hitos principales de este proceso: la construcci\u00f3n del Bristol Hotel por parte de Luro, la llegada del ferrocarril en 1886, la construcci\u00f3n de la ic\u00f3nica rambla Bristol, s\u00edmbolo de la Belle \u00c9poque, y la sostenida edificaci\u00f3n de fastuosas residencias veraniegas de variados estilos. En el siguiente, \u201cEl ocio distinguido a orillas del Atl\u00e1ntico\u201d, contin\u00faa su recorrido sobre la importancia pedag\u00f3gica del hotel referido para la sociabilidad y el uso del ocio de la alta sociedad porte\u00f1a. Numerosos extractos de testimonios de los visitantes dan cuenta de la significaci\u00f3n del hotel, el casino, las playas y el paseo por la rambla para la clase alta.\u00a0<\/span><\/p><p><span style=\"font-weight: 400;\">\u00a0 \u00a0 \u00a0A continuaci\u00f3n, \u201cEl ocaso de la villa balnearia\u201d desciende su mirada sobre los nuevos veraneantes que van acudiendo a la ciudad y que no son parte de la elite porte\u00f1a sino de los sectores medios en ascenso. En el cap\u00edtulo tambi\u00e9n hay lugar para observar el mundo de los habitantes locales, de los obreros que construyeron la infraestructura marplatense y de su expresi\u00f3n pol\u00edtica mayoritaria: el Partido Socialista. Justamente, como dice uno de los testimonios citados, \u201cque una ciudad, por excelencia aristocr\u00e1tica, llena de suntuosos y elegantes palacios, est\u00e9 gobernada por los socialistas\u201d puede resultar incomprensible. No lo es si uno se percata que la inmensa cantidad de los habitantes son obreros del puerto, pescadores, pintores, alba\u00f1iles, cuidadores de fincas, y dem\u00e1s. Para 1924 con el 55% de los votos la supremac\u00eda del Partido Socialista era contundente.\u00a0\u00a0<\/span><\/p><p><span style=\"font-weight: 400;\">\u00a0 \u00a0 \u00a0No deja de ser interesante el alineamiento de los socialistas marplatenses con la postura doctrinaria del partido, que los llev\u00f3 a acompa\u00f1ar la ley de 1927 que prohib\u00eda el juego en toda la provincia. Este voto, en contra incluso de buena parte de su electorado, termin\u00f3 repercutiendo negativamente en el gobierno socialista presidido por el intendente Bronzoni y acabando en una intervenci\u00f3n. De todas formas, luego de 1955, el socialismo volver\u00eda a regir el gobierno comunal demostrando tener una s\u00f3lida base propia.<\/span><\/p><p><span style=\"font-weight: 400;\">\u00a0 \u00a0 \u00a0El cap\u00edtulo \u201cLa ciudad balnearia\u201d refiere a los cambios m\u00e1s decisivos que tuvo la ciudad a partir de la d\u00e9cada del \u201930. La imagen con que se inicia donde se ve la demolici\u00f3n de la vieja rambla Bristol para ser reemplazada por la actual Rambla Bustillo con su cl\u00e1sico Hotel Provincial, es quiz\u00e1s el mejor s\u00edmbolo de los cambios por venir. A esta iniciativa se suma la construcci\u00f3n bajo la gobernaci\u00f3n de Fresco de un balneario parque en Playa Grande. Con estas obras quedaba delineado un nuevo perfil de Mar del Plata con los veraneantes distribuyendose algunos en Playa Bristol y otros en Playa Grande. A estas iniciativas se sumaba la inauguraci\u00f3n de la ruta 2 en 1938 que contribuy\u00f3 a popularizar la llegada de los sectores medios en ascenso a las playas marplatenses. Estas medidas se combinaban con el crecimiento sostenido del turismo social iniciado en los \u201830 y ya de manera definitiva con la gobernaci\u00f3n peronista de Domingo Mercante. La expropiaci\u00f3n de 24 chalets ubicados en la Playa de Los Ingleses (hoy Playa Varese) para ponerlos al servicio de los sindicatos daba cuenta de los nuevos tiempos. Que la playa m\u00e1s exclusiva de Mar del Plata, donde sol\u00edan refugiarse quienes escapaban de la Bristol por el avance de los sectores medios en los a\u00f1os treinta, terminara convertida en un enclave del turismo proletario marcaba la pauta.<\/span><\/p><p><span style=\"font-weight: 400;\">\u00a0 \u00a0 \u00a0De todas formas, las iniciativas del gobierno peronista por lograr que los trabajadores pudieran \u201cgozar como cualquier ciudadano del descanso, sosiego y de la belleza del Primer Balneario argentino\u201d no tuvieron \u00e9xito inmediato. Como bien nos recuerdan Pastoriza y Torre, hubo variadas iniciativas para acercar el m\u00edtico balneario a las clases trabajadoras. Una de ellas fue la Ley Provincial de Turismo de 1948 y el eslogan: \u201cUsted se paga el viaje y la provincia el hospedaje\u201d difundido a trav\u00e9s de los medios de comunicaci\u00f3n. Sin embargo, por el testimonio de uno de los funcionarios de Mercante, comprendemos que los trabajadores no ten\u00edan \u201ch\u00e1bitos de turismo\u201d y ve\u00edan en el traslado a Mar del Plata m\u00e1s problemas que ventajas. Tampoco la visi\u00f3n que ha destacado el rol de los hoteles sindicales durante el primer peronismo resulta acertada. Este fue un fen\u00f3meno m\u00e1s tard\u00edo, que cobr\u00f3 forma a partir de la d\u00e9cada de 1970.\u00a0<\/span><\/p><p><span style=\"font-weight: 400;\">\u00a0 \u00a0 \u00a0Donde s\u00ed fue m\u00e1s notable el impacto del peronismo fue con la aprobaci\u00f3n de la Ley de Propiedad Horizontal de 1948, que junto a los cr\u00e9ditos otorgados por el Banco Hipotecario, facilitaron el acceso a la vivienda propia. En pocos a\u00f1os, desaparecieron las villas y mansiones alrededor de la Rambla Casino y la Avenida Col\u00f3n, mientras la elite veraneante se replegaba al Barrio los Troncos para dar lugar a la construcci\u00f3n de miles de departamentos. El uso intensivo del suelo permit\u00eda a los sectores medios, en el marco del boom inmobiliario, convertirse en propietarios de incluso un departamento adicional para veranear. A partir de entonces la fisonom\u00eda de Mar del Plata cambiar\u00eda notablemente.<\/span><\/p><p><span style=\"font-weight: 400;\">\u00a0 \u00a0 \u00a0El sexto y \u00faltimo cap\u00edtulo llamado \u201cEl balneario de masas\u201d nos introduce en la etapa de apogeo definitivo de Mar del Plata, la meca del turismo en Argentina. Convertida en una de las ciudades con mayor crecimiento del pa\u00eds debido a la llegada de nuevos residentes, m\u00e1s all\u00e1 de los visitantes por temporada, la ciudad pose\u00eda para los a\u00f1os 1960, 95 balnearios a lo largo de la costa, m\u00e1s de 1200 hoteles, 7 mil nuevas viviendas por a\u00f1o, 32 galer\u00edas comerciales entre otros tantos beneficios. Es en esos a\u00f1os que se da el crecimiento vertiginoso de los hoteles sindicales: de tres que hab\u00eda en 1948, cinco en 1956, para 1967 ya son ocho. As\u00ed la ciudad se convierte en pleno verano en una marea de gente, o como dir\u00eda un corresponsal de la revista <\/span><i><span style=\"font-weight: 400;\">Panorama<\/span><\/i><span style=\"font-weight: 400;\"> en 1965: \u201cNing\u00fan argentino en su sano juicio ir\u00eda a Mar del Plata en temporada a descansar\u201d. La playa, el casino, los restaurantes, los boliches se colman de j\u00f3venes y no tan j\u00f3venes deseosos de ser parte de la ciudad de todos.<\/span><\/p><p><span style=\"font-weight: 400;\">\u00a0 \u00a0 \u00a0Tal como reconoc\u00eda un alto funcionario italiano al diario <\/span><i><span style=\"font-weight: 400;\">Clar\u00edn<\/span><\/i><span style=\"font-weight: 400;\"> en 1975, \u201cEn toda Europa no hay un centro que re\u00fana las caracter\u00edsticas de Mar del Plata. Adem\u00e1s de las delicias de la playa y el mar, permite la coexistencia de todos los niveles de poder adquisitivo en un mismo centro balneario (\u2026) En Europa, en cambio, los balnearios est\u00e1n estratificados en cuanto al poder adquisitivo de la gente que tiene acceso a ellos\u201d. Sin embargo, esta caracter\u00edstica \u00fanica de la ciudad comenzaba a perderse. Las familias de la alta burgues\u00eda migraban hacia otros horizontes en busca de la exclusividad que Mar del Plata ya no pod\u00eda darles. As\u00ed Punta del Este comenzaba a despegar como lugar alternativo. Por otro lado, los j\u00f3venes de los sectores medios se redirig\u00edan hacia nuevos destinos de veraneo siendo Villa Gesell el lugar m\u00e1s elegido.<\/span><\/p><p><span style=\"font-weight: 400;\">\u00a0 \u00a0 \u00a0Con las im\u00e1genes de los desertores de los veraneos marplatenses finaliza el libro. Nos dejan los autores con ganas de saber m\u00e1s sobre los \u00faltimos a\u00f1os de Mar del Plata, que por m\u00e1s que sean recientes, no dejan de ser interesantes. Sin embargo, tal como Pastoriza y Torre se\u00f1alan, su intenci\u00f3n no fue hacer una historia completa de la ciudad sino m\u00e1s bien, reconstruir la trayectoria del balneario como met\u00e1fora de la din\u00e1mica de la sociedad argentina. Para ambos, a partir de 1970 comenz\u00f3 a perder consistencia lo que denominaron el experimento social de los argentinos: \u201cacoger en un espacio f\u00edsico com\u00fan y a la vez internamente diferenciados los planes de verano de los m\u00e1s diversos sectores sociales\u201d. Desde entonces, concluyen los autores \u201clos contrastes sociales y culturales de la sociedad argentina se volvieron m\u00e1s intensos y visibles y, por lo tanto, se hizo m\u00e1s dif\u00edcil contenerlos bajo el mismo cielo y en el mismo mar. Mar del Plata dej\u00f3 de ser, pues, el balneario de todos, si bien continu\u00f3 siendo el balneario de masas\u201d. As\u00ed, en una ciudad que apenas puede esconder las marcas de la progresiva desigualdad, todav\u00eda logra evocar en el sue\u00f1o colectivo de los argentinos, el recuerdo de un pa\u00eds mejor.<\/span><\/p>\t\t\t\t\t\t<\/div>\n\t\t\t\t<\/div>\n\t\t\t\t\t<\/div>\n\t\t<\/div>\n\t\t\t\t\t\t\t<\/div>\n\t\t<\/section>\n\t\t\t\t<section class=\"elementor-section elementor-top-section elementor-element elementor-element-988ce31 elementor-section-boxed elementor-section-height-default elementor-section-height-default\" data-id=\"988ce31\" data-element_type=\"section\">\n\t\t\t\t\t\t<div class=\"elementor-container elementor-column-gap-default\">\n\t\t\t\t\t<div class=\"elementor-column elementor-col-100 elementor-top-column elementor-element elementor-element-177d2c1\" data-id=\"177d2c1\" data-element_type=\"column\">\n\t\t\t<div class=\"elementor-widget-wrap elementor-element-populated\">\n\t\t\t\t\t\t\t\t<div class=\"elementor-element elementor-element-900aee3 elementor-widget elementor-widget-spacer\" data-id=\"900aee3\" data-element_type=\"widget\" data-widget_type=\"spacer.default\">\n\t\t\t\t<div class=\"elementor-widget-container\">\n\t\t\t\t\t<div class=\"elementor-spacer\">\n\t\t\t<div class=\"elementor-spacer-inner\"><\/div>\n\t\t<\/div>\n\t\t\t\t<\/div>\n\t\t\t\t<\/div>\n\t\t\t\t\t<\/div>\n\t\t<\/div>\n\t\t\t\t\t\t\t<\/div>\n\t\t<\/section>\n\t\t\t\t<section class=\"elementor-section elementor-top-section elementor-element elementor-element-bf7b3e2 elementor-section-boxed elementor-section-height-default elementor-section-height-default\" data-id=\"bf7b3e2\" data-element_type=\"section\">\n\t\t\t\t\t\t<div class=\"elementor-container elementor-column-gap-default\">\n\t\t\t\t\t<div class=\"elementor-column elementor-col-50 elementor-top-column elementor-element elementor-element-5b80a5a\" data-id=\"5b80a5a\" data-element_type=\"column\">\n\t\t\t<div class=\"elementor-widget-wrap\">\n\t\t\t\t\t\t\t\t\t<\/div>\n\t\t<\/div>\n\t\t\t\t<div class=\"elementor-column elementor-col-50 elementor-top-column elementor-element elementor-element-60e89b0\" data-id=\"60e89b0\" data-element_type=\"column\">\n\t\t\t<div class=\"elementor-widget-wrap elementor-element-populated\">\n\t\t\t\t\t\t\t\t<div class=\"elementor-element elementor-element-2e70842 elementor-widget elementor-widget-heading\" data-id=\"2e70842\" data-element_type=\"widget\" data-widget_type=\"heading.default\">\n\t\t\t\t<div class=\"elementor-widget-container\">\n\t\t\t<h2 class=\"elementor-heading-title elementor-size-default\">JUAN LUIS BESOKY\n\n\n\n<\/h2>\t\t<\/div>\n\t\t\t\t<\/div>\n\t\t\t\t\t<\/div>\n\t\t<\/div>\n\t\t\t\t\t\t\t<\/div>\n\t\t<\/section>\n\t\t\t\t<section class=\"elementor-section elementor-top-section elementor-element elementor-element-2c2d0cd elementor-section-boxed elementor-section-height-default elementor-section-height-default\" data-id=\"2c2d0cd\" data-element_type=\"section\">\n\t\t\t\t\t\t<div class=\"elementor-container elementor-column-gap-default\">\n\t\t\t\t\t<div class=\"elementor-column elementor-col-50 elementor-top-column elementor-element elementor-element-1b4020b\" data-id=\"1b4020b\" data-element_type=\"column\">\n\t\t\t<div class=\"elementor-widget-wrap\">\n\t\t\t\t\t\t\t\t\t<\/div>\n\t\t<\/div>\n\t\t\t\t<div class=\"elementor-column elementor-col-50 elementor-top-column elementor-element elementor-element-449aa0e\" data-id=\"449aa0e\" data-element_type=\"column\">\n\t\t\t<div class=\"elementor-widget-wrap elementor-element-populated\">\n\t\t\t\t\t\t\t\t<div class=\"elementor-element elementor-element-a80bafe elementor-widget elementor-widget-text-editor\" data-id=\"a80bafe\" data-element_type=\"widget\" data-widget_type=\"text-editor.default\">\n\t\t\t\t<div class=\"elementor-widget-container\">\n\t\t\t\t\t\t\t<p><span style=\"font-weight: 400;\">E<\/span><span style=\"font-weight: 400;\">s archivista y docente de Historia en la Universidad Nacional de La Plata y en la Universidad Nacional de Jos\u00e9 C. Paz. Fue becario doctoral del Conicet investigando sobre la derecha peronista y se doctor\u00f3 en Ciencias Sociales con una tesis sobre ese tema.<\/span><\/p>\t\t\t\t\t\t<\/div>\n\t\t\t\t<\/div>\n\t\t\t\t\t<\/div>\n\t\t<\/div>\n\t\t\t\t\t\t\t<\/div>\n\t\t<\/section>\n\t\t\t\t<section class=\"elementor-section elementor-top-section elementor-element elementor-element-9afad6e elementor-section-boxed elementor-section-height-default elementor-section-height-default\" data-id=\"9afad6e\" data-element_type=\"section\">\n\t\t\t\t\t\t<div class=\"elementor-container elementor-column-gap-default\">\n\t\t\t\t\t<div class=\"elementor-column elementor-col-50 elementor-top-column elementor-element elementor-element-45c6093\" data-id=\"45c6093\" data-element_type=\"column\">\n\t\t\t<div class=\"elementor-widget-wrap\">\n\t\t\t\t\t\t\t\t\t<\/div>\n\t\t<\/div>\n\t\t\t\t<div class=\"elementor-column elementor-col-50 elementor-top-column elementor-element elementor-element-38179bc\" data-id=\"38179bc\" data-element_type=\"column\">\n\t\t\t<div class=\"elementor-widget-wrap elementor-element-populated\">\n\t\t\t\t\t\t\t\t<div class=\"elementor-element elementor-element-340e829 elementor-widget-divider--view-line elementor-widget elementor-widget-divider\" data-id=\"340e829\" data-element_type=\"widget\" data-widget_type=\"divider.default\">\n\t\t\t\t<div class=\"elementor-widget-container\">\n\t\t\t\t\t<div class=\"elementor-divider\">\n\t\t\t<span class=\"elementor-divider-separator\">\n\t\t\t\t\t\t<\/span>\n\t\t<\/div>\n\t\t\t\t<\/div>\n\t\t\t\t<\/div>\n\t\t\t\t<div class=\"elementor-element elementor-element-ab69a85 elementor-widget elementor-widget-html\" data-id=\"ab69a85\" data-element_type=\"widget\" data-widget_type=\"html.default\">\n\t\t\t\t<div class=\"elementor-widget-container\">\n\t\t\t\n<a href=\"https:\/\/revistaguay.fahce.unlp.edu.ar\/index.php\/tag\/abril-2021\/\" class=\"tag-cloud-link tag-link-49 tag-link-position-1\" style=\"font-size: 11pt;\" aria-label=\"abril-2021\">abril 2021<\/a> \u00b7\n<a href=\"https:\/\/revistaguay.fahce.unlp.edu.ar\/index.php\/tag\/elisa-pastoriza\/\" class=\"tag-cloud-link tag-link-49 tag-link-position-1\" style=\"font-size: 11pt;\" aria-label=\"elisa-pastoriza\">Elisa Pastoriza<\/a> \u00b7\n<a href=\"https:\/\/revistaguay.fahce.unlp.edu.ar\/index.php\/tag\/juan-carlos-torre\/\" class=\"tag-cloud-link tag-link-49 tag-link-position-1\" style=\"font-size: 11pt;\" aria-label=\"juan-carlos-torre\">Juan Carlos Torre<\/a> \u00b7\n<a href=\"https:\/\/revistaguay.fahce.unlp.edu.ar\/index.php\/tag\/juan-luis-besoky\/\" class=\"tag-cloud-link tag-link-49 tag-link-position-1\" style=\"font-size: 11pt;\" aria-label=\"juan-luis-besoky\">Juan Luis Besoky<\/a> \u00b7\n<a href=\"https:\/\/revistaguay.fahce.unlp.edu.ar\/index.php\/tag\/mar-del-plata\/\" class=\"tag-cloud-link tag-link-38 tag-link-position-2\" style=\"font-size: 11pt;\" aria-label=\"mar-del-plata\">Mar del Plata<\/a> \u00b7\t\t<\/div>\n\t\t\t\t<\/div>\n\t\t\t\t\t<\/div>\n\t\t<\/div>\n\t\t\t\t\t\t\t<\/div>\n\t\t<\/section>\n\t\t\t\t<section class=\"elementor-section elementor-top-section elementor-element elementor-element-6733ed7 elementor-section-boxed elementor-section-height-default elementor-section-height-default\" data-id=\"6733ed7\" data-element_type=\"section\">\n\t\t\t\t\t\t<div class=\"elementor-container elementor-column-gap-default\">\n\t\t\t\t\t<div class=\"elementor-column elementor-col-100 elementor-top-column elementor-element elementor-element-8882977\" data-id=\"8882977\" data-element_type=\"column\">\n\t\t\t<div class=\"elementor-widget-wrap elementor-element-populated\">\n\t\t\t\t\t\t\t\t<div class=\"elementor-element elementor-element-e5e01c1 elementor-widget elementor-widget-spacer\" data-id=\"e5e01c1\" data-element_type=\"widget\" data-widget_type=\"spacer.default\">\n\t\t\t\t<div class=\"elementor-widget-container\">\n\t\t\t\t\t<div class=\"elementor-spacer\">\n\t\t\t<div class=\"elementor-spacer-inner\"><\/div>\n\t\t<\/div>\n\t\t\t\t<\/div>\n\t\t\t\t<\/div>\n\t\t\t\t\t<\/div>\n\t\t<\/div>\n\t\t\t\t\t\t\t<\/div>\n\t\t<\/section>\n\t\t\t\t<section class=\"elementor-section elementor-top-section elementor-element elementor-element-61d466f elementor-section-boxed elementor-section-height-default elementor-section-height-default\" data-id=\"61d466f\" data-element_type=\"section\" data-settings=\"{&quot;background_background&quot;:&quot;classic&quot;}\">\n\t\t\t\t\t\t<div class=\"elementor-container elementor-column-gap-default\">\n\t\t\t\t\t<div class=\"elementor-column elementor-col-25 elementor-top-column elementor-element elementor-element-1e23810\" data-id=\"1e23810\" data-element_type=\"column\">\n\t\t\t<div class=\"elementor-widget-wrap elementor-element-populated\">\n\t\t\t\t\t\t\t\t<div class=\"elementor-element elementor-element-8069b5f elementor-widget elementor-widget-image\" data-id=\"8069b5f\" data-element_type=\"widget\" data-widget_type=\"image.default\">\n\t\t\t\t<div class=\"elementor-widget-container\">\n\t\t\t\t\t\t\t\t\t\t\t\t\t\t\t\t<a href=\"https:\/\/revistaguay.fahce.unlp.edu.ar\/\">\n\t\t\t\t\t\t\t<img decoding=\"async\" loading=\"lazy\" width=\"120\" height=\"61\" src=\"https:\/\/revistaguay.fahce.unlp.edu.ar\/wp-content\/uploads\/2019\/03\/guay-blanco3.png\" class=\"attachment-large size-large wp-image-221\" alt=\"\" \/>\t\t\t\t\t\t\t\t<\/a>\n\t\t\t\t\t\t\t\t\t\t\t\t\t\t\t<\/div>\n\t\t\t\t<\/div>\n\t\t\t\t\t<\/div>\n\t\t<\/div>\n\t\t\t\t<div class=\"elementor-column elementor-col-50 elementor-top-column elementor-element elementor-element-683efde\" data-id=\"683efde\" data-element_type=\"column\">\n\t\t\t<div class=\"elementor-widget-wrap elementor-element-populated\">\n\t\t\t\t\t\t\t\t<div class=\"elementor-element elementor-element-9cbd80e elementor-widget elementor-widget-text-editor\" data-id=\"9cbd80e\" data-element_type=\"widget\" data-widget_type=\"text-editor.default\">\n\t\t\t\t<div class=\"elementor-widget-container\">\n\t\t\t\t\t\t\t<p><span style=\"color: #ffffff;\"><a style=\"letter-spacing: 0px; background-color: #000000; color: #ffffff;\" href=\"http:\/\/www.fahce.unlp.edu.ar\/\" target=\"_blank\" rel=\"noopener\">Facultad de Humanidades y Ciencias de la Educaci\u00f3n | Universidad Nacional de La Plata<\/a>\u00a0<\/span><br \/>Calle 51 e\/ 124 y 125 | (1925) Ensenada | Buenos Aires | Argentina<\/p>\t\t\t\t\t\t<\/div>\n\t\t\t\t<\/div>\n\t\t\t\t\t<\/div>\n\t\t<\/div>\n\t\t\t\t<div class=\"elementor-column elementor-col-25 elementor-top-column elementor-element elementor-element-55ecd54\" data-id=\"55ecd54\" data-element_type=\"column\">\n\t\t\t<div class=\"elementor-widget-wrap elementor-element-populated\">\n\t\t\t\t\t\t\t\t<div class=\"elementor-element elementor-element-be4b00e elementor-shape-circle e-grid-align-mobile-center elementor-grid-0 e-grid-align-center elementor-widget elementor-widget-social-icons\" data-id=\"be4b00e\" data-element_type=\"widget\" data-widget_type=\"social-icons.default\">\n\t\t\t\t<div class=\"elementor-widget-container\">\n\t\t\t\t\t<div class=\"elementor-social-icons-wrapper elementor-grid\">\n\t\t\t\t\t\t\t<span class=\"elementor-grid-item\">\n\t\t\t\t\t<a class=\"elementor-icon elementor-social-icon elementor-social-icon-facebook elementor-animation-pulse-shrink elementor-repeater-item-2fdf362\" href=\"https:\/\/www.facebook.com\/RevistaGuay\" target=\"_blank\">\n\t\t\t\t\t\t<span class=\"elementor-screen-only\">Facebook<\/span>\n\t\t\t\t\t\t\t\t\t\t\t\t\t<i class=\"fa fa-facebook\"><\/i>\n\t\t\t\t\t\t\t\t\t\t\t<\/a>\n\t\t\t\t<\/span>\n\t\t\t\t\t\t\t<span class=\"elementor-grid-item\">\n\t\t\t\t\t<a class=\"elementor-icon elementor-social-icon elementor-social-icon-twitter elementor-animation-pulse-shrink elementor-repeater-item-3c0110f\" href=\"https:\/\/twitter.com\/RevistaGuay\" target=\"_blank\">\n\t\t\t\t\t\t<span class=\"elementor-screen-only\">Twitter<\/span>\n\t\t\t\t\t\t\t\t\t\t\t\t\t<i class=\"fa fa-twitter\"><\/i>\n\t\t\t\t\t\t\t\t\t\t\t<\/a>\n\t\t\t\t<\/span>\n\t\t\t\t\t\t\t<span class=\"elementor-grid-item\">\n\t\t\t\t\t<a class=\"elementor-icon elementor-social-icon elementor-social-icon-instagram elementor-animation-pulse-shrink elementor-repeater-item-07993e9\" href=\"https:\/\/www.instagram.com\/revista.guay\/\" target=\"_blank\">\n\t\t\t\t\t\t<span class=\"elementor-screen-only\">Instagram<\/span>\n\t\t\t\t\t\t\t\t\t\t\t\t\t<i class=\"fa fa-instagram\"><\/i>\n\t\t\t\t\t\t\t\t\t\t\t<\/a>\n\t\t\t\t<\/span>\n\t\t\t\t\t\t\t<span class=\"elementor-grid-item\">\n\t\t\t\t\t<a class=\"elementor-icon elementor-social-icon elementor-social-icon-envelope elementor-animation-pulse-shrink elementor-repeater-item-6f94034\" href=\"https:\/\/revistaguay.fahce.unlp.edu.ar\/index.php\/contacto\/\" target=\"_blank\">\n\t\t\t\t\t\t<span class=\"elementor-screen-only\">Envelope<\/span>\n\t\t\t\t\t\t\t\t\t\t\t\t\t<i class=\"fa fa-envelope\"><\/i>\n\t\t\t\t\t\t\t\t\t\t\t<\/a>\n\t\t\t\t<\/span>\n\t\t\t\t\t<\/div>\n\t\t\t\t<\/div>\n\t\t\t\t<\/div>\n\t\t\t\t\t<\/div>\n\t\t<\/div>\n\t\t\t\t\t\t\t<\/div>\n\t\t<\/section>\n\t\t\t\t\t\t\t<\/div>\n\t\t","protected":false},"excerpt":{"rendered":"<p>HISTORIA JUAN LUIS BESOKY Mar del Plata. Un sue\u00f1o de los argentinos. (2019) de Elisa Pastoriza y Juan Carlos Torre &nbsp; &nbsp; &nbsp;El libro de Pastoriza y Torre genera una lectura amena y entretenida. Lo ligero de su lectura, no implica que carezca de profundidad. Centrado en contar los or\u00edgenes de la ciudad balnearia hasta &#8230; <a title=\"Mar del Plata. Un sue\u00f1o de los argentinos, de Pastoriza y Torre\" class=\"read-more\" href=\"https:\/\/revistaguay.fahce.unlp.edu.ar\/index.php\/2021\/04\/21\/mar-del-plata-un-sueno-de-los-argentinos-de-pastoriza-y-torre\/\">Leer m\u00e1s <span class=\"screen-reader-text\">Mar del Plata. Un sue\u00f1o de los argentinos, de Pastoriza y Torre<\/span><\/a><\/p>\n","protected":false},"author":1,"featured_media":0,"comment_status":"open","ping_status":"open","sticky":false,"template":"elementor_canvas","format":"standard","meta":{"_mi_skip_tracking":false,"_exactmetrics_sitenote_active":false,"_exactmetrics_sitenote_note":"","_exactmetrics_sitenote_category":0,"footnotes":""},"categories":[4],"tags":[412,418,57,422,419],"_links":{"self":[{"href":"https:\/\/revistaguay.fahce.unlp.edu.ar\/index.php\/wp-json\/wp\/v2\/posts\/3452"}],"collection":[{"href":"https:\/\/revistaguay.fahce.unlp.edu.ar\/index.php\/wp-json\/wp\/v2\/posts"}],"about":[{"href":"https:\/\/revistaguay.fahce.unlp.edu.ar\/index.php\/wp-json\/wp\/v2\/types\/post"}],"author":[{"embeddable":true,"href":"https:\/\/revistaguay.fahce.unlp.edu.ar\/index.php\/wp-json\/wp\/v2\/users\/1"}],"replies":[{"embeddable":true,"href":"https:\/\/revistaguay.fahce.unlp.edu.ar\/index.php\/wp-json\/wp\/v2\/comments?post=3452"}],"version-history":[{"count":11,"href":"https:\/\/revistaguay.fahce.unlp.edu.ar\/index.php\/wp-json\/wp\/v2\/posts\/3452\/revisions"}],"predecessor-version":[{"id":3495,"href":"https:\/\/revistaguay.fahce.unlp.edu.ar\/index.php\/wp-json\/wp\/v2\/posts\/3452\/revisions\/3495"}],"wp:attachment":[{"href":"https:\/\/revistaguay.fahce.unlp.edu.ar\/index.php\/wp-json\/wp\/v2\/media?parent=3452"}],"wp:term":[{"taxonomy":"category","embeddable":true,"href":"https:\/\/revistaguay.fahce.unlp.edu.ar\/index.php\/wp-json\/wp\/v2\/categories?post=3452"},{"taxonomy":"post_tag","embeddable":true,"href":"https:\/\/revistaguay.fahce.unlp.edu.ar\/index.php\/wp-json\/wp\/v2\/tags?post=3452"}],"curies":[{"name":"wp","href":"https:\/\/api.w.org\/{rel}","templated":true}]}}