{"id":404,"date":"2019-04-08T19:32:07","date_gmt":"2019-04-08T22:32:07","guid":{"rendered":"http:\/\/revistaguay.fahce.unlp.edu.ar\/?p=404"},"modified":"2020-12-03T02:02:52","modified_gmt":"2020-12-03T05:02:52","slug":"los-diarios-de-emilio-renzi-anos-de-formacion-de-ricardo-piglia-2015","status":"publish","type":"post","link":"https:\/\/revistaguay.fahce.unlp.edu.ar\/index.php\/2019\/04\/08\/los-diarios-de-emilio-renzi-anos-de-formacion-de-ricardo-piglia-2015\/","title":{"rendered":"Los diarios de Emilio Renzi. A\u00f1os de formaci\u00f3n de Ricardo Piglia, 2015"},"content":{"rendered":"\t\t<div data-elementor-type=\"wp-post\" data-elementor-id=\"404\" class=\"elementor elementor-404\" data-elementor-post-type=\"post\">\n\t\t\t\t\t\t\t\t\t<section class=\"elementor-section elementor-top-section elementor-element elementor-element-6e8bfc03 elementor-section-boxed elementor-section-height-default elementor-section-height-default\" data-id=\"6e8bfc03\" data-element_type=\"section\">\n\t\t\t\t\t\t<div class=\"elementor-container elementor-column-gap-default\">\n\t\t\t\t\t<div class=\"elementor-column elementor-col-100 elementor-top-column elementor-element elementor-element-23104d78\" data-id=\"23104d78\" data-element_type=\"column\">\n\t\t\t<div class=\"elementor-widget-wrap elementor-element-populated\">\n\t\t\t\t\t\t\t\t<div class=\"elementor-element elementor-element-126d4554 elementor-widget-divider--view-line elementor-widget elementor-widget-divider\" data-id=\"126d4554\" data-element_type=\"widget\" data-widget_type=\"divider.default\">\n\t\t\t\t<div class=\"elementor-widget-container\">\n\t\t\t\t\t<div class=\"elementor-divider\">\n\t\t\t<span class=\"elementor-divider-separator\">\n\t\t\t\t\t\t<\/span>\n\t\t<\/div>\n\t\t\t\t<\/div>\n\t\t\t\t<\/div>\n\t\t\t\t\t<\/div>\n\t\t<\/div>\n\t\t\t\t\t\t\t<\/div>\n\t\t<\/section>\n\t\t\t\t<section class=\"elementor-section elementor-top-section elementor-element elementor-element-623eb219 elementor-section-boxed elementor-section-height-default elementor-section-height-default\" data-id=\"623eb219\" data-element_type=\"section\">\n\t\t\t\t\t\t<div class=\"elementor-container elementor-column-gap-default\">\n\t\t\t\t\t<div class=\"elementor-column elementor-col-100 elementor-top-column elementor-element elementor-element-56814d56\" data-id=\"56814d56\" data-element_type=\"column\">\n\t\t\t<div class=\"elementor-widget-wrap elementor-element-populated\">\n\t\t\t\t\t\t\t\t<div class=\"elementor-element elementor-element-419a260d elementor-widget elementor-widget-spacer\" data-id=\"419a260d\" data-element_type=\"widget\" data-widget_type=\"spacer.default\">\n\t\t\t\t<div class=\"elementor-widget-container\">\n\t\t\t\t\t<div class=\"elementor-spacer\">\n\t\t\t<div class=\"elementor-spacer-inner\"><\/div>\n\t\t<\/div>\n\t\t\t\t<\/div>\n\t\t\t\t<\/div>\n\t\t\t\t\t<\/div>\n\t\t<\/div>\n\t\t\t\t\t\t\t<\/div>\n\t\t<\/section>\n\t\t\t\t<section class=\"elementor-section elementor-top-section elementor-element elementor-element-661ea97d elementor-section-boxed elementor-section-height-default elementor-section-height-default\" data-id=\"661ea97d\" data-element_type=\"section\">\n\t\t\t\t\t\t<div class=\"elementor-container elementor-column-gap-default\">\n\t\t\t\t\t<div class=\"elementor-column elementor-col-33 elementor-top-column elementor-element elementor-element-11ec6d4\" data-id=\"11ec6d4\" data-element_type=\"column\">\n\t\t\t<div class=\"elementor-widget-wrap elementor-element-populated\">\n\t\t\t\t\t\t\t\t<div class=\"elementor-element elementor-element-d654436 elementor-widget elementor-widget-html\" data-id=\"d654436\" data-element_type=\"widget\" data-widget_type=\"html.default\">\n\t\t\t\t<div class=\"elementor-widget-container\">\n\t\t\t<a class=img style=\"display:scroll;\nposition:fixed; bottom:00 px; right:1400px;\" href='https:\/\/revistaguay.fahce.unlp.edu.ar\/index.php\/home-11'><img src='https:\/\/revistaguay.fahce.unlp.edu.ar\/wp-content\/uploads\/2019\/04\/flecha.png' border=\"0\"\/><\/a>\n\t\t<\/div>\n\t\t\t\t<\/div>\n\t\t\t\t\t<\/div>\n\t\t<\/div>\n\t\t\t\t<div class=\"elementor-column elementor-col-33 elementor-top-column elementor-element elementor-element-1a0fd30\" data-id=\"1a0fd30\" data-element_type=\"column\">\n\t\t\t<div class=\"elementor-widget-wrap elementor-element-populated\">\n\t\t\t\t\t\t\t\t<div class=\"elementor-element elementor-element-674de135 elementor-widget elementor-widget-heading\" data-id=\"674de135\" data-element_type=\"widget\" data-widget_type=\"heading.default\">\n\t\t\t\t<div class=\"elementor-widget-container\">\n\t\t\t<h2 class=\"elementor-heading-title elementor-size-default\"><span style=\"color: #b31e1f;\">NOVELA<p>\n<span style=\"color: #000000;\">GERALDINE ROGERS<\/span><span style=\"color: rgb(110, 193, 228); font-style: inherit; letter-spacing: 4.2px;\"><\/span><\/p><\/span><br><\/h2>\t\t<\/div>\n\t\t\t\t<\/div>\n\t\t\t\t<div class=\"elementor-element elementor-element-25d1254f elementor-widget elementor-widget-heading\" data-id=\"25d1254f\" data-element_type=\"widget\" data-widget_type=\"heading.default\">\n\t\t\t\t<div class=\"elementor-widget-container\">\n\t\t\t<h3 class=\"elementor-heading-title elementor-size-default\">Los diarios de Emilio Renzi. \nA\u00f1os de formaci\u00f3n <FONT SIZE=6>(2015)<\/FONT><\/i><span style=\"color: #999999;\"><br>de Ricardo Piglia<\/h3>\t\t<\/div>\n\t\t\t\t<\/div>\n\t\t\t\t\t<\/div>\n\t\t<\/div>\n\t\t\t\t<div class=\"elementor-column elementor-col-33 elementor-top-column elementor-element elementor-element-3929e3be\" data-id=\"3929e3be\" data-element_type=\"column\">\n\t\t\t<div class=\"elementor-widget-wrap elementor-element-populated\">\n\t\t\t\t\t\t\t\t<div class=\"elementor-element elementor-element-7dae35be elementor-widget elementor-widget-image\" data-id=\"7dae35be\" data-element_type=\"widget\" data-widget_type=\"image.default\">\n\t\t\t\t<div class=\"elementor-widget-container\">\n\t\t\t\t\t\t\t\t\t\t\t\t\t\t\t<img decoding=\"async\" src=\"https:\/\/revistaguay.fahce.unlp.edu.ar\/wp-content\/uploads\/elementor\/thumbs\/Los-diarios-de-Emilio-Renzi.-An\u0303os-de-formacio\u0301n-de-Ricardo-Piglia--o638pynqxnuzww3uhoz7dmdv473vhiir7pp737e134.jpg\" title=\"Los diarios de Emilio Renzi. An\u0303os de formacio\u0301n de Ricardo Piglia\" alt=\"Los diarios de Emilio Renzi. An\u0303os de formacio\u0301n de Ricardo Piglia\" loading=\"lazy\" \/>\t\t\t\t\t\t\t\t\t\t\t\t\t\t\t<\/div>\n\t\t\t\t<\/div>\n\t\t\t\t\t<\/div>\n\t\t<\/div>\n\t\t\t\t\t\t\t<\/div>\n\t\t<\/section>\n\t\t\t\t<section class=\"elementor-section elementor-top-section elementor-element elementor-element-402a71f elementor-section-boxed elementor-section-height-default elementor-section-height-default\" data-id=\"402a71f\" data-element_type=\"section\">\n\t\t\t\t\t\t<div class=\"elementor-container elementor-column-gap-default\">\n\t\t\t\t\t<div class=\"elementor-column elementor-col-50 elementor-top-column elementor-element elementor-element-ee5536d\" data-id=\"ee5536d\" data-element_type=\"column\">\n\t\t\t<div class=\"elementor-widget-wrap elementor-element-populated\">\n\t\t\t\t\t\t\t\t<div class=\"elementor-element elementor-element-9508a27 elementor-widget elementor-widget-spacer\" data-id=\"9508a27\" data-element_type=\"widget\" data-widget_type=\"spacer.default\">\n\t\t\t\t<div class=\"elementor-widget-container\">\n\t\t\t\t\t<div class=\"elementor-spacer\">\n\t\t\t<div class=\"elementor-spacer-inner\"><\/div>\n\t\t<\/div>\n\t\t\t\t<\/div>\n\t\t\t\t<\/div>\n\t\t\t\t\t<\/div>\n\t\t<\/div>\n\t\t\t\t<div class=\"elementor-column elementor-col-50 elementor-top-column elementor-element elementor-element-c23a8d4\" data-id=\"c23a8d4\" data-element_type=\"column\">\n\t\t\t<div class=\"elementor-widget-wrap\">\n\t\t\t\t\t\t\t\t\t<\/div>\n\t\t<\/div>\n\t\t\t\t\t\t\t<\/div>\n\t\t<\/section>\n\t\t\t\t<section class=\"elementor-section elementor-top-section elementor-element elementor-element-31ae8be5 elementor-section-boxed elementor-section-height-default elementor-section-height-default\" data-id=\"31ae8be5\" data-element_type=\"section\" data-settings=\"{&quot;background_background&quot;:&quot;classic&quot;}\">\n\t\t\t\t\t\t<div class=\"elementor-container elementor-column-gap-default\">\n\t\t\t\t\t<div class=\"elementor-column elementor-col-50 elementor-top-column elementor-element elementor-element-278dfba\" data-id=\"278dfba\" data-element_type=\"column\">\n\t\t\t<div class=\"elementor-widget-wrap\">\n\t\t\t\t\t\t\t\t\t<\/div>\n\t\t<\/div>\n\t\t\t\t<div class=\"elementor-column elementor-col-50 elementor-top-column elementor-element elementor-element-2c717b0c\" data-id=\"2c717b0c\" data-element_type=\"column\">\n\t\t\t<div class=\"elementor-widget-wrap elementor-element-populated\">\n\t\t\t\t\t\t\t\t<div class=\"elementor-element elementor-element-6a479161 elementor-widget elementor-widget-text-editor\" data-id=\"6a479161\" data-element_type=\"widget\" data-widget_type=\"text-editor.default\">\n\t\t\t\t<div class=\"elementor-widget-container\">\n\t\t\t\t\t\t\t<p>\u00a0 \u00a0 \u00a0\u200bLa trilog\u00eda <em>Los diarios de Emilio Renzi<\/em> es la culminaci\u00f3n del proyecto literario de Ricardo Piglia, muerto en Buenos Aires en 2017. Es una obra cuidadosamente concebida, con una poderosa voluntad de forma. No esconde los engranajes y sus puertas de entrada son m\u00faltiples.<\/p><p>\u00a0 \u00a0 \u00a0\u200bConstruida con formas breves (fragmentos de \u201cdiario\u201d, relatos cortos) insertadas en una estructura narrativa extensa, puede pensarse como una gran estructura novel\u00edstica disfrazada de \u201cdiario\u201d. A Piglia, tan macedoniano en esto, siempre le interes\u00f3 la experimentaci\u00f3n con el g\u00e9nero novela. El proyecto de escritura dur\u00f3 varias d\u00e9cadas y el tiempo es un componente fundamental de la obra. La base es autobiogr\u00e1fica: retoma escritos que Ricardo Emilio Piglia Renzi hab\u00eda anotado en papeles sueltos y en cuadernos a lo largo de varias d\u00e9cadas, transcriptos y reordenados en el tramo final de su vida con ayuda de una asistente por encontrarse \u2013aten\u00faa\u2013 \u201cun poco embromado\u201d.<\/p><p>\u00a0 \u00a0 \u00a0\u200b\u201cTe lo regalo. En esta novela el velorio est\u00e1 al empezar\u201d dice Piglia que le dijo el poeta Alberto Spunzberg una tarde de bar por 1960 o 1961, alcanz\u00e1ndole un libro que en ese entonces todav\u00eda no conoc\u00eda. Era <em>Ad\u00e1n Buenosayres<\/em>. Despu\u00e9s de leerlo anot\u00f3 con l\u00e1piz en el margen: \u201cUn novelista se construye su genealog\u00eda y narra eso. En <em>Ad\u00e1n<\/em> se ficcionalizan los or\u00edgenes, los parentescos, las sucesiones endog\u00e1micas\u201d. Es quiz\u00e1 -comenta Piglia-, la novela m\u00e1s ambiciosa de la literatura argentina y, -agrega-, como todo gran novelista Marechal era consciente del desaf\u00edo y trabajaba con la materia de su vida. La referencia no es ociosa: <em>Los diarios<\/em> tambi\u00e9n empiezan cuando todo parece haber terminado, trabajan con materiales de la propia vida y son, como <em>Ad\u00e1n<\/em>, una memoria ficcional del mundo cultural y literario de Buenos Aires en a\u00f1os de singular intensidad.<\/p><p><em>\u00a0 \u00a0 A\u00f1os de formaci\u00f3n<\/em>, el primer tomo, narra la juventud de Emilio, el ingreso a la vida intelectual en el umbral de la d\u00e9cada del sesenta, entre proyectos colectivos de revoluci\u00f3n y transformaci\u00f3n vanguardista. Abarca de 1958 a 1967 y es, entre otras cosas, una novela de aprendizaje y una autobiograf\u00eda ficcional que parte algo que desde los 17 a\u00f1os orienta la vida del joven Renzi, el deseo de ser escritor. El impacto de las primeras lecturas, la relaci\u00f3n con el padre, la decisi\u00f3n de dedicarse por entero a la literatura a contrapelo de las opiniones familiares, la salida del hogar y la llegada solo a otra ciudad (\u201cLa Plata, donde efectivamente empieza mi vida, dir\u00eda yo si estuviera contando mi propia historia\u201d), el pasaje por la universidad y los primeros trabajos son t\u00f3picos habituales de una novela que relata los comienzos del joven que desea e imagina conquistar la ciudad con sus libros (las referencias que vienen a la memoria son varias, de <em>Las ilusiones perdidas<\/em> de Balzac a <em>El juguete rabioso<\/em> de Arlt o <em>Retrato del artista adolescente<\/em> de Joyce que, no por casualidad, termina con el \u201cdiario\u201d del joven Stephen). En el tomo siguiente, <em>Los a\u00f1os felices<\/em>, una nota resumir\u00e1 as\u00ed las principales l\u00edneas del primero: \u201cAl releer los cuadernos aparece claramente la continuidad que va de 1958 a 1967, ese ser\u00eda el Tomo I de mi vida escrita. La consolidaci\u00f3n del joven esteta que baja a la realidad, vive solo, se gana la vida y empieza a publicar. El segundo tomo empieza en 1968 y est\u00e1 en marcha\u201d.<\/p><p>\u00a0 \u00a0 \u00a0\u200bSin embargo, nada ser\u00e1 simple y lineal, el camino reserva trampas para el lector distra\u00eddo.\u00a0 <em>A\u00f1os de formaci\u00f3n <\/em>es una novela de aprendizaje que muestra que no es posible aprender casi nada, o al menos nada de aquellas cosas que nuestra candidez podr\u00eda suponer. Se narra a partir de anotaciones del pasado que son, sin embargo, producto de una escritura en presente, lo que abre a una temporalidad compleja que, sin renunciar al material \u201cverdadero\u201d ni al relato de un trayecto vital, desmonta la sucesi\u00f3n lineal y la enriquece anacr\u00f3nicamente. Un conjunto de series tem\u00e1ticas va narrando en forma intermitente los encuentros con amigos y conocidos, las lecturas, las escrituras, las irrupciones violentas de la historia. Pero adem\u00e1s, y esto es crucial, estamos ante una autobiograf\u00eda ficcional que alerta contra cierto g\u00e9nero previsible (\u201chablar de escrituras del Yo es una ingenuidad\u201d, \u201cel Yo es una figura hueca\u201d).<\/p><p><em>\u00a0 \u00a0 Los diarios&#8230; <\/em>lleva a desconfiar de las categor\u00edas b\u00e1sicas que sostienen los relatos convencionales: la linealidad y progresi\u00f3n en el tiempo, la acumulaci\u00f3n de experiencias, la consistencia de la primera persona. (Sin embargo, algunas certezas se mantienen fuera de duda. Una de ellas es el peso simb\u00f3lico del nombre de Ricardo Piglia, un autor que logr\u00f3 ocupar un lugar central no solo de la literatura argentina sino del mercado de libros en lengua espa\u00f1ola, nombre-sello que preside la trilog\u00eda editada en Barcelona por Anagrama. Pero no ser\u00e1 esa \u201cgarant\u00eda\u201d lo que sostenga la convicci\u00f3n de que nos encontramos ante una obra maestra, sino la larga y demorada experiencia de recorrer un gran texto).<\/p><p><em>\u00a0 \u00a0 A\u00f1os de formaci\u00f3n <\/em>empieza con una \u201cnota del autor\u201d fechada en Buenos Aires en abril 2015 y seguida de un primer cap\u00edtulo que va introduciendo en la textura narrativa ambivalente e h\u00edbrida que se mantendr\u00e1 en los tres tomos, donde se entremezclan lo autobiogr\u00e1fico, lo testimonial y lo ficcional.<\/p><p>\u00a0 \u00a0 \u00a0\u200bFuera de algunos acontecimientos indelebles referidos escuetamente (la c\u00e1rcel del padre peronista despu\u00e9s del golpe del 55 y el exilio interno de la familia) en todo el primer tramo pasan pocas cosas. Como si dijera \u201cen el principio no hay nada\u201d, vac\u00edo elemental previo a la creaci\u00f3n de un escritor (autocreaci\u00f3n de ese <em>hombre que se hace a s\u00ed mismo<\/em> de m\u00faltiples variantes, del h\u00e9roe de la ideolog\u00eda burguesa al hombre sartreano, condenado a la libertad y hacedor de su propia existencia) y creaci\u00f3n de un proyecto literario. Comienzos de un escritor, entonces, y comienzos de una novela-diario que sabr\u00e1 explorar la productividad de la ambivalencia y la mezcla de g\u00e9neros.<\/p><p>\u00a0 \u00a0 \u00a0\u200bSi Marechal hab\u00eda desplegado la narraci\u00f3n de la vida del h\u00e9roe como memoria ficcional de una generaci\u00f3n literaria, donde era posible identificar a ciertos j\u00f3venes artistas y escritores de los a\u00f1os veinte (Schultze era Xul Solar, Pereda era Borges, Bernini era Scalabrini Ortiz \u2026), e insertaba los manuscritos dejados por el poeta muerto (el cuaderno de tapas azules),\u00a0 los <em>diarios de Emilio<\/em> construyen una memoria ficcional de la vida cultural y pol\u00edtica porte\u00f1a desde fines de los cincuenta a partir de unos \u201ccuadernos de tapas de hule\u201d (los <em>347 cuadernos<\/em> de la pel\u00edcula de Andr\u00e9s di Tella) donde van apareciendo figuras claves f\u00e1cilmente identificables (Manuel Puig, David e Ismael Vi\u00f1as, Josefina Iris Ludmer, entre tantos) y otras menos evidentes pero igualmente reconocibles, toda una constelaci\u00f3n literaria, intelectual y pol\u00edtica que gravit\u00f3 en la vida de una generaci\u00f3n.<\/p><p>\u00a0 \u00a0 \u00a0\u200bLa forma \u201cdiario\u201d permite narrar en el linde entre la ficci\u00f3n y lo verificable, borrando los contornos. Muestra, en modo borgeano, el poder instituyente de la ficci\u00f3n; y prueba, en modo Walsh, la eficacia de las ficciones para contar verdades m\u00e1s verdaderas.<\/p><p>\u00a0 \u00a0 \u00a0\u200bYa en sus a\u00f1os de formaci\u00f3n Renzi empezar\u00e1 a interrogar la relaci\u00f3n entre literatura y pol\u00edtica, hasta dar con una forma espec\u00edfica de intervenir desde la literatura, que radica menos en la elecci\u00f3n de los temas que en los mecanismos. Supone una \u201c\u00e9tica narrativa\u201d centrada en mostrar los engranajes: fragmentos de narraciones en curso, modos en que la ficci\u00f3n incide en la realidad, impostura de los diarios \u201caut\u00e9nticos\u201d. E incita a la lectura atenta al procedimiento\u00a0 (\u201cla l\u00f3gica que estructura los hechos no es la de la sinceridad, sino la del lenguaje\u201d).<\/p><p>\u00a0 \u00a0 \u00a0\u200bEn efecto, la \u201cformaci\u00f3n\u201d de esos a\u00f1os incluye la b\u00fasqueda de una escritura inseparable de ciertas formas de leer. Lectura que se transforma en investigaci\u00f3n y frente a un texto no se pregunta qu\u00e9 significa sino ante todo \u00bfqu\u00e9 es esto? \u00bfc\u00f3mo leerlo? \u00bfc\u00f3mo est\u00e1 hecho? y va borgeanamente tras las huellas donde <em>sospecha que el autor intercal\u00f3 algo para que una persona, en el porvenir, diera con la verdad<\/em>. Lectura no literal, interesada y estrat\u00e9gica. Que\u00a0 reescribe palabras ajenas hasta hacerlas propias. Superposici\u00f3n de lectura y escritura o \u201clectura de escritor\u201d que copia hasta que no resulte posible saber ya qui\u00e9n habla. Leer es apropiarse del texto y darle nueva vida poni\u00e9ndolo a circular, transformado.<\/p>\t\t\t\t\t\t<\/div>\n\t\t\t\t<\/div>\n\t\t\t\t\t<\/div>\n\t\t<\/div>\n\t\t\t\t\t\t\t<\/div>\n\t\t<\/section>\n\t\t\t\t<section class=\"elementor-section elementor-top-section elementor-element elementor-element-379886d elementor-section-boxed elementor-section-height-default elementor-section-height-default\" data-id=\"379886d\" data-element_type=\"section\">\n\t\t\t\t\t\t<div class=\"elementor-container elementor-column-gap-default\">\n\t\t\t\t\t<div class=\"elementor-column elementor-col-100 elementor-top-column elementor-element elementor-element-a423fe2\" data-id=\"a423fe2\" data-element_type=\"column\">\n\t\t\t<div class=\"elementor-widget-wrap elementor-element-populated\">\n\t\t\t\t\t\t\t\t<div class=\"elementor-element elementor-element-eeffeef elementor-widget elementor-widget-spacer\" data-id=\"eeffeef\" data-element_type=\"widget\" data-widget_type=\"spacer.default\">\n\t\t\t\t<div class=\"elementor-widget-container\">\n\t\t\t\t\t<div class=\"elementor-spacer\">\n\t\t\t<div class=\"elementor-spacer-inner\"><\/div>\n\t\t<\/div>\n\t\t\t\t<\/div>\n\t\t\t\t<\/div>\n\t\t\t\t\t<\/div>\n\t\t<\/div>\n\t\t\t\t\t\t\t<\/div>\n\t\t<\/section>\n\t\t\t\t<section class=\"elementor-section elementor-top-section elementor-element elementor-element-ad48db9 elementor-section-boxed elementor-section-height-default elementor-section-height-default\" data-id=\"ad48db9\" data-element_type=\"section\">\n\t\t\t\t\t\t<div class=\"elementor-container elementor-column-gap-default\">\n\t\t\t\t\t<div class=\"elementor-column elementor-col-50 elementor-top-column elementor-element elementor-element-15a730f\" data-id=\"15a730f\" data-element_type=\"column\">\n\t\t\t<div class=\"elementor-widget-wrap\">\n\t\t\t\t\t\t\t\t\t<\/div>\n\t\t<\/div>\n\t\t\t\t<div class=\"elementor-column elementor-col-50 elementor-top-column elementor-element elementor-element-c949934\" data-id=\"c949934\" data-element_type=\"column\">\n\t\t\t<div class=\"elementor-widget-wrap elementor-element-populated\">\n\t\t\t\t\t\t\t\t<div class=\"elementor-element elementor-element-010506c elementor-widget elementor-widget-heading\" data-id=\"010506c\" data-element_type=\"widget\" data-widget_type=\"heading.default\">\n\t\t\t\t<div class=\"elementor-widget-container\">\n\t\t\t<h2 class=\"elementor-heading-title elementor-size-default\">GERALDINE ROGERS \n\n<\/h2>\t\t<\/div>\n\t\t\t\t<\/div>\n\t\t\t\t\t<\/div>\n\t\t<\/div>\n\t\t\t\t\t\t\t<\/div>\n\t\t<\/section>\n\t\t\t\t<section class=\"elementor-section elementor-top-section elementor-element elementor-element-6161c34 elementor-section-boxed elementor-section-height-default elementor-section-height-default\" data-id=\"6161c34\" data-element_type=\"section\">\n\t\t\t\t\t\t<div class=\"elementor-container elementor-column-gap-default\">\n\t\t\t\t\t<div class=\"elementor-column elementor-col-50 elementor-top-column elementor-element elementor-element-e60bbe5\" data-id=\"e60bbe5\" data-element_type=\"column\">\n\t\t\t<div class=\"elementor-widget-wrap\">\n\t\t\t\t\t\t\t\t\t<\/div>\n\t\t<\/div>\n\t\t\t\t<div class=\"elementor-column elementor-col-50 elementor-top-column elementor-element elementor-element-d8b2428\" data-id=\"d8b2428\" data-element_type=\"column\">\n\t\t\t<div class=\"elementor-widget-wrap elementor-element-populated\">\n\t\t\t\t\t\t\t\t<div class=\"elementor-element elementor-element-f44e4ab elementor-widget elementor-widget-text-editor\" data-id=\"f44e4ab\" data-element_type=\"widget\" data-widget_type=\"text-editor.default\">\n\t\t\t\t<div class=\"elementor-widget-container\">\n\t\t\t\t\t\t\t<p>Es profesora de Literatura Argentina en la Facultad de Humanidades y Ciencias de la Educaci\u00f3n de la UNLP e investigadora del CONICET. Es autora del libro\u00a0<em>Caras y Caretas. Cultura, pol\u00edtica y espect\u00e1culo en los inicios del siglo XX<\/em>\u00a0(2008).<\/p>\t\t\t\t\t\t<\/div>\n\t\t\t\t<\/div>\n\t\t\t\t\t<\/div>\n\t\t<\/div>\n\t\t\t\t\t\t\t<\/div>\n\t\t<\/section>\n\t\t\t\t<section class=\"elementor-section elementor-top-section elementor-element elementor-element-276d02b elementor-section-boxed elementor-section-height-default elementor-section-height-default\" data-id=\"276d02b\" data-element_type=\"section\">\n\t\t\t\t\t\t<div class=\"elementor-container elementor-column-gap-default\">\n\t\t\t\t\t<div class=\"elementor-column elementor-col-100 elementor-top-column elementor-element elementor-element-92968f1\" data-id=\"92968f1\" data-element_type=\"column\">\n\t\t\t<div class=\"elementor-widget-wrap\">\n\t\t\t\t\t\t\t\t\t<\/div>\n\t\t<\/div>\n\t\t\t\t\t\t\t<\/div>\n\t\t<\/section>\n\t\t\t\t<section class=\"elementor-section elementor-top-section elementor-element elementor-element-2667280b elementor-section-boxed elementor-section-height-default elementor-section-height-default\" data-id=\"2667280b\" data-element_type=\"section\">\n\t\t\t\t\t\t<div class=\"elementor-container elementor-column-gap-default\">\n\t\t\t\t\t<div class=\"elementor-column elementor-col-50 elementor-top-column elementor-element elementor-element-20b6e0a9\" data-id=\"20b6e0a9\" data-element_type=\"column\">\n\t\t\t<div class=\"elementor-widget-wrap\">\n\t\t\t\t\t\t\t\t\t<\/div>\n\t\t<\/div>\n\t\t\t\t<div class=\"elementor-column elementor-col-50 elementor-top-column elementor-element elementor-element-195b145d\" data-id=\"195b145d\" data-element_type=\"column\">\n\t\t\t<div class=\"elementor-widget-wrap elementor-element-populated\">\n\t\t\t\t\t\t\t\t<div class=\"elementor-element elementor-element-6deb37aa elementor-widget-divider--view-line elementor-widget elementor-widget-divider\" data-id=\"6deb37aa\" data-element_type=\"widget\" data-widget_type=\"divider.default\">\n\t\t\t\t<div class=\"elementor-widget-container\">\n\t\t\t\t\t<div class=\"elementor-divider\">\n\t\t\t<span class=\"elementor-divider-separator\">\n\t\t\t\t\t\t<\/span>\n\t\t<\/div>\n\t\t\t\t<\/div>\n\t\t\t\t<\/div>\n\t\t\t\t<div class=\"elementor-element elementor-element-403c85a elementor-widget elementor-widget-html\" data-id=\"403c85a\" data-element_type=\"widget\" data-widget_type=\"html.default\">\n\t\t\t\t<div class=\"elementor-widget-container\">\n\t\t\t<span class=\"tags-links\"><span\n<div class=\"tagcloud\"><a \n<a href=\"https:\/\/revistaguay.fahce.unlp.edu.ar\/index.php\/tag\/mayo-2019\/\" class=\"tag-cloud-link tag-link-60 tag-link-position-12\" style=\"font-size: 11pt;\" aria-label=\"Mayo 2019 (1 elemento)\">Mayo 2019<\/a> \u00b7\n<a href=\"https:\/\/revistaguay.fahce.unlp.edu.ar\/index.php\/tag\/ricardo-piglia\/\" class=\"tag-cloud-link tag-link-37 tag-link-position-17\" style=\"font-size: 11pt;\" aria-label=\"Ricardo Piglia (1 elemento)\">Ricardo Piglia<\/a> \u00b7 \n<a href=\"https:\/\/revistaguay.fahce.unlp.edu.ar\/index.php\/tag\/anos-sesentas\/\" class=\"tag-cloud-link tag-link-38 tag-link-position-2\" style=\"font-size: 11pt;\" aria-label=\"a\u00f1os sesentas (3 elementos)\">a\u00f1os sesentas<\/a>\n\t\t<\/div>\n\t\t\t\t<\/div>\n\t\t\t\t\t<\/div>\n\t\t<\/div>\n\t\t\t\t\t\t\t<\/div>\n\t\t<\/section>\n\t\t\t\t<section class=\"elementor-section elementor-top-section elementor-element elementor-element-c0d4610 elementor-section-boxed elementor-section-height-default elementor-section-height-default\" data-id=\"c0d4610\" data-element_type=\"section\">\n\t\t\t\t\t\t<div class=\"elementor-container elementor-column-gap-default\">\n\t\t\t\t\t<div class=\"elementor-column elementor-col-100 elementor-top-column elementor-element elementor-element-1e7d3a5\" data-id=\"1e7d3a5\" data-element_type=\"column\">\n\t\t\t<div class=\"elementor-widget-wrap elementor-element-populated\">\n\t\t\t\t\t\t\t\t<div class=\"elementor-element elementor-element-f5458c4 elementor-widget elementor-widget-spacer\" data-id=\"f5458c4\" data-element_type=\"widget\" data-widget_type=\"spacer.default\">\n\t\t\t\t<div class=\"elementor-widget-container\">\n\t\t\t\t\t<div class=\"elementor-spacer\">\n\t\t\t<div class=\"elementor-spacer-inner\"><\/div>\n\t\t<\/div>\n\t\t\t\t<\/div>\n\t\t\t\t<\/div>\n\t\t\t\t\t<\/div>\n\t\t<\/div>\n\t\t\t\t\t\t\t<\/div>\n\t\t<\/section>\n\t\t\t\t<section class=\"elementor-section elementor-top-section elementor-element elementor-element-5cd05588 elementor-section-boxed elementor-section-height-default elementor-section-height-default\" data-id=\"5cd05588\" data-element_type=\"section\" data-settings=\"{&quot;background_background&quot;:&quot;classic&quot;}\">\n\t\t\t\t\t\t<div class=\"elementor-container elementor-column-gap-default\">\n\t\t\t\t\t<div class=\"elementor-column elementor-col-25 elementor-top-column elementor-element elementor-element-69e8c068\" data-id=\"69e8c068\" data-element_type=\"column\">\n\t\t\t<div class=\"elementor-widget-wrap elementor-element-populated\">\n\t\t\t\t\t\t\t\t<div class=\"elementor-element elementor-element-231b556c elementor-widget elementor-widget-image\" data-id=\"231b556c\" data-element_type=\"widget\" data-widget_type=\"image.default\">\n\t\t\t\t<div class=\"elementor-widget-container\">\n\t\t\t\t\t\t\t\t\t\t\t\t\t\t\t\t<a href=\"https:\/\/revistaguay.fahce.unlp.edu.ar\/index.php\/home-11\/\">\n\t\t\t\t\t\t\t<img decoding=\"async\" loading=\"lazy\" width=\"120\" height=\"61\" src=\"https:\/\/revistaguay.fahce.unlp.edu.ar\/wp-content\/uploads\/2019\/03\/guay-blanco3.png\" class=\"attachment-large size-large wp-image-221\" alt=\"\" \/>\t\t\t\t\t\t\t\t<\/a>\n\t\t\t\t\t\t\t\t\t\t\t\t\t\t\t<\/div>\n\t\t\t\t<\/div>\n\t\t\t\t\t<\/div>\n\t\t<\/div>\n\t\t\t\t<div class=\"elementor-column elementor-col-50 elementor-top-column elementor-element elementor-element-2dbe49b\" data-id=\"2dbe49b\" data-element_type=\"column\">\n\t\t\t<div class=\"elementor-widget-wrap elementor-element-populated\">\n\t\t\t\t\t\t\t\t<div class=\"elementor-element elementor-element-2966682 elementor-widget elementor-widget-heading\" data-id=\"2966682\" data-element_type=\"widget\" data-widget_type=\"heading.default\">\n\t\t\t\t<div class=\"elementor-widget-container\">\n\t\t\t<h2 class=\"elementor-heading-title elementor-size-default\">ISSN: EN TR\u00c1MITE<\/h2>\t\t<\/div>\n\t\t\t\t<\/div>\n\t\t\t\t<div class=\"elementor-element elementor-element-1e1911de elementor-widget elementor-widget-text-editor\" data-id=\"1e1911de\" data-element_type=\"widget\" data-widget_type=\"text-editor.default\">\n\t\t\t\t<div class=\"elementor-widget-container\">\n\t\t\t\t\t\t\t<p><span style=\"color: #ffffff;\"><a style=\"letter-spacing: 0px; background-color: #000000; color: #ffffff;\" href=\"http:\/\/www.fahce.unlp.edu.ar\/\" target=\"_blank\" rel=\"noopener\">Facultad de Humanidades y Ciencias de la Educaci\u00f3n | Universidad Nacional de La Plata<\/a>\u00a0<\/span><br \/>Calle 51 e\/ 124 y 125 | (1925) Ensenada | Buenos Aires | Argentina<\/p>\t\t\t\t\t\t<\/div>\n\t\t\t\t<\/div>\n\t\t\t\t\t<\/div>\n\t\t<\/div>\n\t\t\t\t<div class=\"elementor-column elementor-col-25 elementor-top-column elementor-element elementor-element-6a223ab5\" data-id=\"6a223ab5\" data-element_type=\"column\">\n\t\t\t<div class=\"elementor-widget-wrap elementor-element-populated\">\n\t\t\t\t\t\t\t\t<div class=\"elementor-element elementor-element-3b59f06 elementor-shape-circle e-grid-align-mobile-center elementor-grid-0 e-grid-align-center elementor-widget elementor-widget-social-icons\" data-id=\"3b59f06\" data-element_type=\"widget\" data-widget_type=\"social-icons.default\">\n\t\t\t\t<div class=\"elementor-widget-container\">\n\t\t\t\t\t<div class=\"elementor-social-icons-wrapper elementor-grid\">\n\t\t\t\t\t\t\t<span class=\"elementor-grid-item\">\n\t\t\t\t\t<a class=\"elementor-icon elementor-social-icon elementor-social-icon-facebook elementor-animation-pulse-shrink elementor-repeater-item-2fdf362\" href=\"https:\/\/www.facebook.com\/RevistaGuay\" target=\"_blank\">\n\t\t\t\t\t\t<span class=\"elementor-screen-only\">Facebook<\/span>\n\t\t\t\t\t\t\t\t\t\t\t\t\t<i class=\"fa fa-facebook\"><\/i>\n\t\t\t\t\t\t\t\t\t\t\t<\/a>\n\t\t\t\t<\/span>\n\t\t\t\t\t\t\t<span class=\"elementor-grid-item\">\n\t\t\t\t\t<a class=\"elementor-icon elementor-social-icon elementor-social-icon-twitter elementor-animation-pulse-shrink elementor-repeater-item-3c0110f\" href=\"https:\/\/twitter.com\/RevistaGuay\" target=\"_blank\">\n\t\t\t\t\t\t<span class=\"elementor-screen-only\">Twitter<\/span>\n\t\t\t\t\t\t\t\t\t\t\t\t\t<i class=\"fa fa-twitter\"><\/i>\n\t\t\t\t\t\t\t\t\t\t\t<\/a>\n\t\t\t\t<\/span>\n\t\t\t\t\t\t\t<span class=\"elementor-grid-item\">\n\t\t\t\t\t<a class=\"elementor-icon elementor-social-icon elementor-social-icon-instagram elementor-animation-pulse-shrink elementor-repeater-item-07993e9\" href=\"https:\/\/www.instagram.com\/revista.guay\/\" target=\"_blank\">\n\t\t\t\t\t\t<span class=\"elementor-screen-only\">Instagram<\/span>\n\t\t\t\t\t\t\t\t\t\t\t\t\t<i class=\"fa fa-instagram\"><\/i>\n\t\t\t\t\t\t\t\t\t\t\t<\/a>\n\t\t\t\t<\/span>\n\t\t\t\t\t\t\t<span class=\"elementor-grid-item\">\n\t\t\t\t\t<a class=\"elementor-icon elementor-social-icon elementor-social-icon-envelope elementor-animation-pulse-shrink elementor-repeater-item-6f94034\" href=\"https:\/\/revistaguay.fahce.unlp.edu.ar\/index.php\/contacto\/\" target=\"_blank\">\n\t\t\t\t\t\t<span class=\"elementor-screen-only\">Envelope<\/span>\n\t\t\t\t\t\t\t\t\t\t\t\t\t<i class=\"fa fa-envelope\"><\/i>\n\t\t\t\t\t\t\t\t\t\t\t<\/a>\n\t\t\t\t<\/span>\n\t\t\t\t\t<\/div>\n\t\t\t\t<\/div>\n\t\t\t\t<\/div>\n\t\t\t\t\t<\/div>\n\t\t<\/div>\n\t\t\t\t\t\t\t<\/div>\n\t\t<\/section>\n\t\t\t\t\t\t\t<\/div>\n\t\t","protected":false},"excerpt":{"rendered":"<p>NOVELA GERALDINE ROGERS Los diarios de Emilio Renzi. A\u00f1os de formaci\u00f3n (2015)de Ricardo Piglia \u00a0 \u00a0 \u00a0\u200bLa trilog\u00eda Los diarios de Emilio Renzi es la culminaci\u00f3n del proyecto literario de Ricardo Piglia, muerto en Buenos Aires en 2017. Es una obra cuidadosamente concebida, con una poderosa voluntad de forma. No esconde los engranajes y sus &#8230; <a title=\"Los diarios de Emilio Renzi. A\u00f1os de formaci\u00f3n de Ricardo Piglia, 2015\" class=\"read-more\" href=\"https:\/\/revistaguay.fahce.unlp.edu.ar\/index.php\/2019\/04\/08\/los-diarios-de-emilio-renzi-anos-de-formacion-de-ricardo-piglia-2015\/\">Leer m\u00e1s <span class=\"screen-reader-text\">Los diarios de Emilio Renzi. A\u00f1os de formaci\u00f3n de Ricardo Piglia, 2015<\/span><\/a><\/p>\n","protected":false},"author":1,"featured_media":0,"comment_status":"closed","ping_status":"open","sticky":false,"template":"elementor_canvas","format":"standard","meta":{"_mi_skip_tracking":false,"_exactmetrics_sitenote_active":false,"_exactmetrics_sitenote_note":"","_exactmetrics_sitenote_category":0,"footnotes":""},"categories":[25],"tags":[38,306,60,37],"_links":{"self":[{"href":"https:\/\/revistaguay.fahce.unlp.edu.ar\/index.php\/wp-json\/wp\/v2\/posts\/404"}],"collection":[{"href":"https:\/\/revistaguay.fahce.unlp.edu.ar\/index.php\/wp-json\/wp\/v2\/posts"}],"about":[{"href":"https:\/\/revistaguay.fahce.unlp.edu.ar\/index.php\/wp-json\/wp\/v2\/types\/post"}],"author":[{"embeddable":true,"href":"https:\/\/revistaguay.fahce.unlp.edu.ar\/index.php\/wp-json\/wp\/v2\/users\/1"}],"replies":[{"embeddable":true,"href":"https:\/\/revistaguay.fahce.unlp.edu.ar\/index.php\/wp-json\/wp\/v2\/comments?post=404"}],"version-history":[{"count":2,"href":"https:\/\/revistaguay.fahce.unlp.edu.ar\/index.php\/wp-json\/wp\/v2\/posts\/404\/revisions"}],"predecessor-version":[{"id":3279,"href":"https:\/\/revistaguay.fahce.unlp.edu.ar\/index.php\/wp-json\/wp\/v2\/posts\/404\/revisions\/3279"}],"wp:attachment":[{"href":"https:\/\/revistaguay.fahce.unlp.edu.ar\/index.php\/wp-json\/wp\/v2\/media?parent=404"}],"wp:term":[{"taxonomy":"category","embeddable":true,"href":"https:\/\/revistaguay.fahce.unlp.edu.ar\/index.php\/wp-json\/wp\/v2\/categories?post=404"},{"taxonomy":"post_tag","embeddable":true,"href":"https:\/\/revistaguay.fahce.unlp.edu.ar\/index.php\/wp-json\/wp\/v2\/tags?post=404"}],"curies":[{"name":"wp","href":"https:\/\/api.w.org\/{rel}","templated":true}]}}