{"id":4094,"date":"2022-05-11T16:27:23","date_gmt":"2022-05-11T19:27:23","guid":{"rendered":"http:\/\/revistaguay.fahce.unlp.edu.ar\/?p=4094"},"modified":"2022-05-11T16:29:55","modified_gmt":"2022-05-11T19:29:55","slug":"modo-linterna-sergio-chejfec","status":"publish","type":"post","link":"https:\/\/revistaguay.fahce.unlp.edu.ar\/index.php\/2022\/05\/11\/modo-linterna-sergio-chejfec\/","title":{"rendered":"Modo linterna, Sergio Chejfec"},"content":{"rendered":"\t\t<div data-elementor-type=\"wp-post\" data-elementor-id=\"4094\" class=\"elementor elementor-4094\" data-elementor-post-type=\"post\">\n\t\t\t\t\t\t\t\t\t<section class=\"elementor-section elementor-top-section elementor-element elementor-element-cbb3d7d elementor-section-boxed elementor-section-height-default elementor-section-height-default\" data-id=\"cbb3d7d\" data-element_type=\"section\">\n\t\t\t\t\t\t<div class=\"elementor-container elementor-column-gap-default\">\n\t\t\t\t\t<div class=\"elementor-column elementor-col-100 elementor-top-column elementor-element elementor-element-f31cfca\" data-id=\"f31cfca\" data-element_type=\"column\">\n\t\t\t<div class=\"elementor-widget-wrap elementor-element-populated\">\n\t\t\t\t\t\t\t\t<div class=\"elementor-element elementor-element-f5da9f9 elementor-widget-divider--view-line elementor-widget elementor-widget-divider\" data-id=\"f5da9f9\" data-element_type=\"widget\" data-widget_type=\"divider.default\">\n\t\t\t\t<div class=\"elementor-widget-container\">\n\t\t\t\t\t<div class=\"elementor-divider\">\n\t\t\t<span class=\"elementor-divider-separator\">\n\t\t\t\t\t\t<\/span>\n\t\t<\/div>\n\t\t\t\t<\/div>\n\t\t\t\t<\/div>\n\t\t\t\t\t<\/div>\n\t\t<\/div>\n\t\t\t\t\t\t\t<\/div>\n\t\t<\/section>\n\t\t\t\t<section class=\"elementor-section elementor-top-section elementor-element elementor-element-4f8cfdb elementor-section-boxed elementor-section-height-default elementor-section-height-default\" data-id=\"4f8cfdb\" data-element_type=\"section\">\n\t\t\t\t\t\t<div class=\"elementor-container elementor-column-gap-default\">\n\t\t\t\t\t<div class=\"elementor-column elementor-col-100 elementor-top-column elementor-element elementor-element-6d96348\" data-id=\"6d96348\" data-element_type=\"column\">\n\t\t\t<div class=\"elementor-widget-wrap elementor-element-populated\">\n\t\t\t\t\t\t\t\t<div class=\"elementor-element elementor-element-b22ea12 elementor-widget elementor-widget-spacer\" data-id=\"b22ea12\" data-element_type=\"widget\" data-widget_type=\"spacer.default\">\n\t\t\t\t<div class=\"elementor-widget-container\">\n\t\t\t\t\t<div class=\"elementor-spacer\">\n\t\t\t<div class=\"elementor-spacer-inner\"><\/div>\n\t\t<\/div>\n\t\t\t\t<\/div>\n\t\t\t\t<\/div>\n\t\t\t\t\t<\/div>\n\t\t<\/div>\n\t\t\t\t\t\t\t<\/div>\n\t\t<\/section>\n\t\t\t\t<section class=\"elementor-section elementor-top-section elementor-element elementor-element-8dba45b elementor-section-boxed elementor-section-height-default elementor-section-height-default\" data-id=\"8dba45b\" data-element_type=\"section\">\n\t\t\t\t\t\t<div class=\"elementor-container elementor-column-gap-default\">\n\t\t\t\t\t<div class=\"elementor-column elementor-col-33 elementor-top-column elementor-element elementor-element-6f598c0\" data-id=\"6f598c0\" data-element_type=\"column\">\n\t\t\t<div class=\"elementor-widget-wrap elementor-element-populated\">\n\t\t\t\t\t\t\t\t<div class=\"elementor-element elementor-element-29b10f9 elementor-widget elementor-widget-html\" data-id=\"29b10f9\" data-element_type=\"widget\" data-widget_type=\"html.default\">\n\t\t\t\t<div class=\"elementor-widget-container\">\n\t\t\t<a class=img style=\"display:scroll;\nposition:fixed; bottom:00 px; right:1400px;\" href='https:\/\/revistaguay.fahce.unlp.edu.ar\/index.php\/home-11'><img src='https:\/\/revistaguay.fahce.unlp.edu.ar\/wp-content\/uploads\/2019\/04\/flecha.png' border=\"0\"\/><\/a>\n\t\t<\/div>\n\t\t\t\t<\/div>\n\t\t\t\t\t<\/div>\n\t\t<\/div>\n\t\t\t\t<div class=\"elementor-column elementor-col-33 elementor-top-column elementor-element elementor-element-5c3d483\" data-id=\"5c3d483\" data-element_type=\"column\">\n\t\t\t<div class=\"elementor-widget-wrap elementor-element-populated\">\n\t\t\t\t\t\t\t\t<div class=\"elementor-element elementor-element-c2d6d76 elementor-widget elementor-widget-heading\" data-id=\"c2d6d76\" data-element_type=\"widget\" data-widget_type=\"heading.default\">\n\t\t\t\t<div class=\"elementor-widget-container\">\n\t\t\t<h2 class=\"elementor-heading-title elementor-size-default\"><span style=\"color: #b31e1f;\">NARRACIONES<p>\n<span style=\"color: #000000;\">IGNACIO BARBEITO<\/span><span style=\"color: rgb(110, 193, 228); font-style: inherit; letter-spacing: 4.2px;\"><\/span><\/p><\/span><br><\/h2>\t\t<\/div>\n\t\t\t\t<\/div>\n\t\t\t\t<div class=\"elementor-element elementor-element-48d64fa elementor-widget elementor-widget-heading\" data-id=\"48d64fa\" data-element_type=\"widget\" data-widget_type=\"heading.default\">\n\t\t\t\t<div class=\"elementor-widget-container\">\n\t\t\t<h2 class=\"elementor-heading-title elementor-size-default\"><br>Modo linterna <font size=\"6\">(2013)<\/font><br>\n<span style=\"color: #999999;\">de Sergio Chejfec<\/span><\/h2>\t\t<\/div>\n\t\t\t\t<\/div>\n\t\t\t\t\t<\/div>\n\t\t<\/div>\n\t\t\t\t<div class=\"elementor-column elementor-col-33 elementor-top-column elementor-element elementor-element-5d76d5a\" data-id=\"5d76d5a\" data-element_type=\"column\">\n\t\t\t<div class=\"elementor-widget-wrap elementor-element-populated\">\n\t\t\t\t\t\t\t\t<div class=\"elementor-element elementor-element-7bf0acd elementor-widget elementor-widget-image\" data-id=\"7bf0acd\" data-element_type=\"widget\" data-widget_type=\"image.default\">\n\t\t\t\t<div class=\"elementor-widget-container\">\n\t\t\t\t\t\t\t\t\t\t\t\t\t\t\t<img decoding=\"async\" src=\"https:\/\/revistaguay.fahce.unlp.edu.ar\/wp-content\/uploads\/elementor\/thumbs\/Modo-linterna-ocuf6ol84v4gk28onmp304v7xff4btqn52smaatedc.jpg\" title=\"Modo linterna\" alt=\"Modo linterna\" loading=\"lazy\" \/>\t\t\t\t\t\t\t\t\t\t\t\t\t\t\t<\/div>\n\t\t\t\t<\/div>\n\t\t\t\t\t<\/div>\n\t\t<\/div>\n\t\t\t\t\t\t\t<\/div>\n\t\t<\/section>\n\t\t\t\t<section class=\"elementor-section elementor-top-section elementor-element elementor-element-90bddfa elementor-section-boxed elementor-section-height-default elementor-section-height-default\" data-id=\"90bddfa\" data-element_type=\"section\" data-settings=\"{&quot;background_background&quot;:&quot;classic&quot;}\">\n\t\t\t\t\t\t<div class=\"elementor-container elementor-column-gap-default\">\n\t\t\t\t\t<div class=\"elementor-column elementor-col-50 elementor-top-column elementor-element elementor-element-443481d\" data-id=\"443481d\" data-element_type=\"column\">\n\t\t\t<div class=\"elementor-widget-wrap\">\n\t\t\t\t\t\t\t\t\t<\/div>\n\t\t<\/div>\n\t\t\t\t<div class=\"elementor-column elementor-col-50 elementor-top-column elementor-element elementor-element-dce1f61\" data-id=\"dce1f61\" data-element_type=\"column\">\n\t\t\t<div class=\"elementor-widget-wrap\">\n\t\t\t\t\t\t\t\t\t<\/div>\n\t\t<\/div>\n\t\t\t\t\t\t\t<\/div>\n\t\t<\/section>\n\t\t\t\t<section class=\"elementor-section elementor-top-section elementor-element elementor-element-27365c8 elementor-section-boxed elementor-section-height-default elementor-section-height-default\" data-id=\"27365c8\" data-element_type=\"section\">\n\t\t\t\t\t\t<div class=\"elementor-container elementor-column-gap-default\">\n\t\t\t\t\t<div class=\"elementor-column elementor-col-50 elementor-top-column elementor-element elementor-element-3ac4c94\" data-id=\"3ac4c94\" data-element_type=\"column\">\n\t\t\t<div class=\"elementor-widget-wrap\">\n\t\t\t\t\t\t\t\t\t<\/div>\n\t\t<\/div>\n\t\t\t\t<div class=\"elementor-column elementor-col-50 elementor-top-column elementor-element elementor-element-2fa4ce6\" data-id=\"2fa4ce6\" data-element_type=\"column\">\n\t\t\t<div class=\"elementor-widget-wrap elementor-element-populated\">\n\t\t\t\t\t\t\t\t<div class=\"elementor-element elementor-element-0dba963 elementor-widget elementor-widget-text-editor\" data-id=\"0dba963\" data-element_type=\"widget\" data-widget_type=\"text-editor.default\">\n\t\t\t\t<div class=\"elementor-widget-container\">\n\t\t\t\t\t\t\t<h2>\u00a0<\/h2><h2>El merodeador<\/h2><p><span style=\"font-weight: 400;\">\u00a0 \u00a0 \u00a0La del merodeador es una figura sometida a sospecha. Para quienes observan su andar vacilante, su indefinici\u00f3n es causa de inquietud y alerta. La \u00e9poca que otorg\u00f3 cartas de ciudadan\u00eda acad\u00e9mica a las filosof\u00edas de la sospecha no se las avino del todo bien con aquellos que se resisten a ser identificados, movi\u00e9ndose de un lugar a otro. Las filosof\u00edas de la sospecha definen a sus enemigos, los asedian sin cesar, de todas las maneras posibles, y con ello ganan su derecho de residencia, siempre y cuando sepan mantener en pie al enemigo. Pero con los merodeadores no se sabe: \u00bfcu\u00e1les son sus prop\u00f3sitos?\u00a0<\/span><\/p><p>\u00a0<\/p><p><span style=\"font-weight: 400;\">\u00a0 \u00a0 \u00a0Las narraciones de Sergio Chejfec incluidas en <\/span><i><span style=\"font-weight: 400;\">Modo linterna <\/span><\/i><span style=\"font-weight: 400;\">(2013), as\u00ed como otras que les anteceden, portan todos los atributos de un paciente merodeo en torno a lo que podemos llamar, con \u00e9l, la <\/span><i><span style=\"font-weight: 400;\">experiencia<\/span><\/i><span style=\"font-weight: 400;\">. En este estrato de la existencia humana convergen realidad y literatura. Es probable que solo un argumento comercial pueda persuadirnos de que las narraciones incluidas en <\/span><i><span style=\"font-weight: 400;\">Modo linterna <\/span><\/i><span style=\"font-weight: 400;\">son <\/span><i><span style=\"font-weight: 400;\">cuentos<\/span><\/i><span style=\"font-weight: 400;\">, tal como se anuncia en la tapa del libro, editado por Entrop\u00eda. Su lectura, en cambio, nos exige desprendernos de afanes taxon\u00f3micos para entregarnos a un repertorio de derivas descriptivas m\u00e1s atentas a la escansi\u00f3n del espacio que a la sucesi\u00f3n temporal. Lo que parece presentarse como un cuento desemboca en una digresi\u00f3n ensay\u00edstica o en el esbozo de un proyecto de escritura, como si, recordando a Saer, la narraci\u00f3n se desarrollase a la manera de una <\/span><i><span style=\"font-weight: 400;\">praxis <\/span><\/i><span style=\"font-weight: 400;\">que segrega su propia teor\u00eda. Igualmente, lo que se asemeja a un ensayo se ve de pronto interrumpido por el relato de una an\u00e9cdota o de un encuentro entre dos viejos conocidos. En la confusi\u00f3n de g\u00e9neros, justamente, Beno\u00eet Coquil ha identificado una de las estrategias formales de las que se sirve Chejfec para hacer de la lectura de sus textos una prueba de paciencia y errancia.<\/span><\/p><p><span style=\"font-weight: 400;\">\u00a0 \u00a0 \u00a0 Por otra parte, las narraciones de Chejfec se asemejan m\u00e1s a ejercicios de documentaci\u00f3n y exploraci\u00f3n antropol\u00f3gica que a relatos ficcionales. Su m\u00e9todo, si cabe llamar as\u00ed a lo que les otorga una forma, emula una caminata sin destino prefijado. Caminata, y no <\/span><i><span style=\"font-weight: 400;\">paseo<\/span><\/i><span style=\"font-weight: 400;\">; en este \u00faltimo Chejfec advierte una inclinaci\u00f3n a la complacencia, contraria a la experiencia de la simultaneidad multifac\u00e9tica de la que procura dar cuenta. Por supuesto, estas narraciones no dejan de ser ficciones, en el sentido de ser algo construido y artificialmente dispuesto, pero la clave de su lectura no pasa tanto por la identificaci\u00f3n de personajes o por el seguimiento de una trama que se desenvuelve progresivamente hacia una conclusi\u00f3n. Se trata, antes bien, de acompa\u00f1ar el barrido de una mirada a trav\u00e9s de su expresi\u00f3n ling\u00fc\u00edstica, abordando la escritura como el registro de lo percibido durante un desplazamiento a pie y algo caprichoso por el espacio circundante del narrador.\u00a0 A los narradores no deber\u00eda exig\u00edrseles mucho m\u00e1s, seg\u00fan reflexiona uno de los difusos personajes del relato \u201cUna visita al cementerio\u201d; no m\u00e1s que \u201cuna irradiaci\u00f3n discontinua, por otra parte sin resultados garantizados\u201d.\u00a0<\/span><\/p><p><span style=\"font-weight: 400;\">\u00a0 \u00a0 \u00a0Las ficciones de Chejfec no ratifican la decisi\u00f3n de no verdad a partir de la que se despliega el territorio de la literatura moderna. No se inscriben ni deliberada ni inevitablemente en el campo de lo imaginario. Por el contrario, el r\u00e9gimen de verdad que impide a la literatura el ejercicio de la atribuci\u00f3n de decir lo real resulta suspendido por un registro de escritura que va hacia las cosas tal como estas se manifiestan, no precisamente en una presunta objetividad sino en una construcci\u00f3n o escena cuyo montaje es de factura humana. De aqu\u00ed que cuanto m\u00e1s riguroso se torna ese registro m\u00e1s vacilante e intangible se presiente la realidad de lo que se ofrece a la percepci\u00f3n. En este punto, la <\/span><i><span style=\"font-weight: 400;\">densidad de la experiencia <\/span><\/i><span style=\"font-weight: 400;\">y la <\/span><i><span style=\"font-weight: 400;\">espesa selva virgen de lo real<\/span><\/i><span style=\"font-weight: 400;\"> se confunden sobre un mismo plano. Un plano, de nuevo, incierto. Ni primac\u00eda del objeto ni soberan\u00eda del sujeto; antes bien, el incesante restablecimiento y disoluci\u00f3n de ambos en el <\/span><i><span style=\"font-weight: 400;\">entre dos <\/span><\/i><span style=\"font-weight: 400;\">del lenguaje.<\/span><\/p><p><span style=\"font-weight: 400;\">\u00a0 \u00a0 \u00a0De aqu\u00ed la importancia del <\/span><i><span style=\"font-weight: 400;\">paisaje<\/span><\/i><span style=\"font-weight: 400;\">, recurrente protagonista de los relatos de Chejfec, pero tambi\u00e9n objeto de una persistente reflexi\u00f3n. Por una parte, el protagonismo del paisaje, como experiencia atiborrada de enlazamientos temporales y espaciales, a menudo antojadizos; su retraducci\u00f3n a signos escritos, su alojamiento precario en el horizonte mental de los eventuales narradores y la certeza de su transfiguraci\u00f3n en el curso del tiempo bloquean el riesgo siempre latente de su naturalizaci\u00f3n. En los relatos de Chejfec, por el contrario, la inmediatez art\u00edstica del paisaje es sometida a un conjunto de operaciones de desacople y problematizaci\u00f3n, que fuerzan a interrogarse por la historicidad y por el car\u00e1cter artificioso de lo que se ofrece a la mirada, impidiendo su idealizaci\u00f3n. As\u00ed, en \u201cDonaldson Park\u201d la disposici\u00f3n arm\u00f3nica del paisaje encubre una despiadada l\u00f3gica de transformaci\u00f3n econ\u00f3mica. Por otra parte, el observador no es un mero contemplador: la asimilaci\u00f3n art\u00edstica del paisaje resulta evidenciada en su simbiosis ideol\u00f3gica o, como en \u201cEl testigo\u201d, en una arbitrariedad subjetiva que no se sustrae a la confrontaci\u00f3n entre memoria y presente, tornando al observador un ser fronterizo, sometido a una inquietante inestabilidad.\u00a0\u00a0<\/span><\/p><p><span style=\"font-weight: 400;\">\u00a0 \u00a0 \u00a0A un procedimiento de algunos parecidos respecto del empleado por Chejfec, Annie Ernaux lo denomin\u00f3 \u201cescritura fotogr\u00e1fica\u201d y Rudy Kousbroek \u201cfotos\u00edntesis\u201d. Sobre el umbral del fin de la Historia, donde los hombres merodean desocupados, sin rol hist\u00f3rico que cumplir m\u00e1s all\u00e1 de las mil premuras que embargan su cotidianeidad, en la fotograf\u00eda se presiente una nueva infancia para la literatura. De alguna manera, este es el tema de otro de los relatos incluidos en <\/span><i><span style=\"font-weight: 400;\">Modo linterna<\/span><\/i><span style=\"font-weight: 400;\">, \u201cNovelista documental\u201d: el valor documental de la fotograf\u00eda y las circunstancias de producci\u00f3n del documento fotogr\u00e1fico se convierten en la condici\u00f3n de posibilidad del relato. Ya no la historia como literatura ni el escritor buscando un entierro decoroso ante la intimidante sucesi\u00f3n escalonada de marm\u00f3reos prodigios; pero tampoco la verdad. Lo que cuenta ahora en relaci\u00f3n con la literatura es su relevancia. Se trata de dilucidar en qu\u00e9 medida la literatura puede decir algo significativo acerca de un mundo cuyo mobiliario parece ya completamente inventariado.\u00a0<\/span><\/p><p><span style=\"font-weight: 400;\">\u00a0 \u00a0 \u00a0Es claro que desde una perspectiva como la de Chejfec la posibilidad de la literatura de decir algo significativo sobre el mundo no se resuelve ni se resolver\u00e1 por el lado de lo dicho o por el de los contenidos de la representaci\u00f3n, como si uno y otro pudieran disociarse. Si hay una politicidad de las pr\u00e1cticas art\u00edsticas y, en particular, de las pr\u00e1cticas vinculadas al trabajo sobre el elemento del lenguaje, esta radica fundamentalmente en su capacidad para volver manifiestas, acentuar u obstruir las formas instituidas de representaci\u00f3n y, a veces, el proceso mismo y los efectos de su institucionalizaci\u00f3n. Desde este punto de vista, es perfectamente comprensible la situaci\u00f3n de exterioridad desde la que Chejfec procura elaborar su mirada o, a\u00fan m\u00e1s, proponer o, incluso, legitimar un modo de mirar, documentar y testimoniar ajeno a la econom\u00eda de las emociones que dinamiza la existencia hist\u00f3rica de una comunidad pol\u00edtica: \u201clo m\u00edo es esta afuera -se lee en <\/span><i><span style=\"font-weight: 400;\">Teor\u00eda del ascensor <\/span><\/i><span style=\"font-weight: 400;\">(2017)-; cuando algo no me apela en t\u00e9rminos pr\u00e1cticos me siento mucho m\u00e1s comprometido con eso y, sobre todo, curioso\u201d. La tentativa de alcanzar este posicionamiento perimetral no puede equipararse, por cierto, con la ambici\u00f3n de encarnar el punto de vista del ojo de Dios, porque el lugar del sujeto y la identidad del observador tambi\u00e9n resultan sometidos a id\u00e9nticas operaciones. De ah\u00ed que los narradores de los relatos de Chejfec resulten resbaladizos al examen psicol\u00f3gico, moral o pol\u00edtico, como si padecieran incesantemente un escamoteo identitario, a la manera del <\/span><i><span style=\"font-weight: 400;\">nouveau roman.\u00a0<\/span><\/i><\/p><p><span style=\"font-weight: 400;\">\u00a0 \u00a0 \u00a0Para Chejfec, al igual que para Saer, la experiencia est\u00e9tica ha de preservarse como un modo radical de libertad. Entre otras cosas, esto implica ponerse en guardia contra la tentaci\u00f3n de claudicar frente a los requerimientos\u00a0 de una parcialidad pol\u00edtica o social o a sus demandas de acumulaci\u00f3n de fuerzas en un escenario de confrontaci\u00f3n. Caminar, s\u00ed, pero sin atender a los que gritan o formulan interpelaciones directas o indirectas; desplazarse, tambi\u00e9n, pero no tanto entre la gente, que podr\u00eda interrumpir con sus requerimientos la cadena libre de asociaciones que provoca una simultaneidad multifac\u00e9tica, como por zonas urbanas escasamente transitadas o sin mayores probabilidades de contacto humano. \u201cHacia la ciudad el\u00e9ctrica\u201d, el \u00faltimo de los relatos que integran <\/span><i><span style=\"font-weight: 400;\">Modo linterna<\/span><\/i><span style=\"font-weight: 400;\">, propone esta reflexi\u00f3n:\u00a0<\/span><\/p><p><span style=\"font-weight: 400;\">\u201cpor m\u00e1s que los escritores busquemos abrirnos, inspirar y ser inspirados por la realidad, nuestra actividad no es penetrable por los no escritores, y por lo tanto la natural apertura hacia el mundo es percibida como cerraz\u00f3n, cuando en realidad los cerrados son los dem\u00e1s, y no nosotros\u201d.<\/span><\/p><p><span style=\"font-weight: 400;\">\u00a0 \u00a0 \u00a0Para el narrador, frente a la curiosidad \u00e1vida del escritor, los dem\u00e1s se encuentran como aquellas garrapatas estudiadas por Von Uexk\u00fcll, es decir, adormecidos en un mundo circundante que les resulta menesteroso, sin experimentar mayores variaciones por largos periodos de tiempo. \u00bfPodr\u00eda la literatura contribuir a estimular una nueva forma de sensibilidad? Es posible, parece decir Chejfec, pero solo para pocos, solo para un pu\u00f1ado de exiliados est\u00e9ticamente intransigentes. Aunque no lo parezca, la posibilidad de una verdadera experiencia est\u00e9tica debe satisfacer para Chejfec una suerte de requisito \u00e9tico, al que los antiguos denominaron <\/span><i><span style=\"font-weight: 400;\">ataraxia<\/span><\/i><span style=\"font-weight: 400;\">. La experiencia est\u00e9tica no es universalizable y el escritor no ha de pretender hacer de su escritura la voz de otros. Solo la paciente sedimentaci\u00f3n de una cierta \u201cimperturbabilidad del \u00e1nimo\u201d se presenta como el terreno adecuado para el cultivo de una nueva era de la curiosidad literaria, siempre en riesgo de ser ocluida por el f\u00e1rrago de la simultaneidad de la experiencia social contempor\u00e1nea. En el domingo de la Historia, la sofisticaci\u00f3n parece ser el \u00faltimo recurso de los hombres honestos.<\/span><\/p>\t\t\t\t\t\t<\/div>\n\t\t\t\t<\/div>\n\t\t\t\t\t<\/div>\n\t\t<\/div>\n\t\t\t\t\t\t\t<\/div>\n\t\t<\/section>\n\t\t\t\t<section class=\"elementor-section elementor-top-section elementor-element elementor-element-3ba8871 elementor-section-boxed elementor-section-height-default elementor-section-height-default\" data-id=\"3ba8871\" data-element_type=\"section\">\n\t\t\t\t\t\t<div class=\"elementor-container elementor-column-gap-default\">\n\t\t\t\t\t<div class=\"elementor-column elementor-col-100 elementor-top-column elementor-element elementor-element-42ce3f8\" data-id=\"42ce3f8\" data-element_type=\"column\">\n\t\t\t<div class=\"elementor-widget-wrap elementor-element-populated\">\n\t\t\t\t\t\t\t\t<div class=\"elementor-element elementor-element-7536fe1 elementor-widget elementor-widget-spacer\" data-id=\"7536fe1\" data-element_type=\"widget\" data-widget_type=\"spacer.default\">\n\t\t\t\t<div class=\"elementor-widget-container\">\n\t\t\t\t\t<div class=\"elementor-spacer\">\n\t\t\t<div class=\"elementor-spacer-inner\"><\/div>\n\t\t<\/div>\n\t\t\t\t<\/div>\n\t\t\t\t<\/div>\n\t\t\t\t\t<\/div>\n\t\t<\/div>\n\t\t\t\t\t\t\t<\/div>\n\t\t<\/section>\n\t\t\t\t<section class=\"elementor-section elementor-top-section elementor-element elementor-element-b353ccd elementor-section-boxed elementor-section-height-default elementor-section-height-default\" data-id=\"b353ccd\" data-element_type=\"section\">\n\t\t\t\t\t\t<div class=\"elementor-container elementor-column-gap-default\">\n\t\t\t\t\t<div class=\"elementor-column elementor-col-50 elementor-top-column elementor-element elementor-element-4257aeb\" data-id=\"4257aeb\" data-element_type=\"column\">\n\t\t\t<div class=\"elementor-widget-wrap\">\n\t\t\t\t\t\t\t\t\t<\/div>\n\t\t<\/div>\n\t\t\t\t<div class=\"elementor-column elementor-col-50 elementor-top-column elementor-element elementor-element-20abe3a\" data-id=\"20abe3a\" data-element_type=\"column\">\n\t\t\t<div class=\"elementor-widget-wrap elementor-element-populated\">\n\t\t\t\t\t\t\t\t<div class=\"elementor-element elementor-element-4695d44 elementor-widget elementor-widget-heading\" data-id=\"4695d44\" data-element_type=\"widget\" data-widget_type=\"heading.default\">\n\t\t\t\t<div class=\"elementor-widget-container\">\n\t\t\t<h2 class=\"elementor-heading-title elementor-size-default\">IGNACIO BARBEITO\n\n\n\n<\/h2>\t\t<\/div>\n\t\t\t\t<\/div>\n\t\t\t\t\t<\/div>\n\t\t<\/div>\n\t\t\t\t\t\t\t<\/div>\n\t\t<\/section>\n\t\t\t\t<section class=\"elementor-section elementor-top-section elementor-element elementor-element-caef478 elementor-section-boxed elementor-section-height-default elementor-section-height-default\" data-id=\"caef478\" data-element_type=\"section\">\n\t\t\t\t\t\t<div class=\"elementor-container elementor-column-gap-default\">\n\t\t\t\t\t<div class=\"elementor-column elementor-col-50 elementor-top-column elementor-element elementor-element-57317da\" data-id=\"57317da\" data-element_type=\"column\">\n\t\t\t<div class=\"elementor-widget-wrap\">\n\t\t\t\t\t\t\t\t\t<\/div>\n\t\t<\/div>\n\t\t\t\t<div class=\"elementor-column elementor-col-50 elementor-top-column elementor-element elementor-element-e69642f\" data-id=\"e69642f\" data-element_type=\"column\">\n\t\t\t<div class=\"elementor-widget-wrap elementor-element-populated\">\n\t\t\t\t\t\t\t\t<div class=\"elementor-element elementor-element-2898d93 elementor-widget elementor-widget-text-editor\" data-id=\"2898d93\" data-element_type=\"widget\" data-widget_type=\"text-editor.default\">\n\t\t\t\t<div class=\"elementor-widget-container\">\n\t\t\t\t\t\t\t<p>Es Doctor en Filosof\u00eda por la Universidad Nacional de C\u00f3rdoba. Su investigaci\u00f3n se enfoca en la historia intelectual latinoamericana, la historia de los conceptos y la literatura documental.<\/p>\t\t\t\t\t\t<\/div>\n\t\t\t\t<\/div>\n\t\t\t\t\t<\/div>\n\t\t<\/div>\n\t\t\t\t\t\t\t<\/div>\n\t\t<\/section>\n\t\t\t\t<section class=\"elementor-section elementor-top-section elementor-element elementor-element-28f32ed elementor-section-boxed elementor-section-height-default elementor-section-height-default\" data-id=\"28f32ed\" data-element_type=\"section\">\n\t\t\t\t\t\t<div class=\"elementor-container elementor-column-gap-default\">\n\t\t\t\t\t<div class=\"elementor-column elementor-col-50 elementor-top-column elementor-element elementor-element-f80a924\" data-id=\"f80a924\" data-element_type=\"column\">\n\t\t\t<div class=\"elementor-widget-wrap\">\n\t\t\t\t\t\t\t\t\t<\/div>\n\t\t<\/div>\n\t\t\t\t<div class=\"elementor-column elementor-col-50 elementor-top-column elementor-element elementor-element-fc5fb65\" data-id=\"fc5fb65\" data-element_type=\"column\">\n\t\t\t<div class=\"elementor-widget-wrap elementor-element-populated\">\n\t\t\t\t\t\t\t\t<div class=\"elementor-element elementor-element-769c7ae elementor-widget-divider--view-line elementor-widget elementor-widget-divider\" data-id=\"769c7ae\" data-element_type=\"widget\" data-widget_type=\"divider.default\">\n\t\t\t\t<div class=\"elementor-widget-container\">\n\t\t\t\t\t<div class=\"elementor-divider\">\n\t\t\t<span class=\"elementor-divider-separator\">\n\t\t\t\t\t\t<\/span>\n\t\t<\/div>\n\t\t\t\t<\/div>\n\t\t\t\t<\/div>\n\t\t\t\t<div class=\"elementor-element elementor-element-e61748d elementor-widget elementor-widget-html\" data-id=\"e61748d\" data-element_type=\"widget\" data-widget_type=\"html.default\">\n\t\t\t\t<div class=\"elementor-widget-container\">\n\t\t\t<span class=\"tags-links\"><span\n<div class=\"tagcloud\"><a href=\"https:\/\/revistaguay.fahce.unlp.edu.ar\/index.php\/tag\/mayo-2022\/\" class=\"tag-cloud-link tag-link-60 tag-link-position-12\" style=\"font-size: 11pt;\" aria-label=\"mayo-2022\">Mayo 2022<\/a> \u00b7\n<a href=\"https:\/\/revistaguay.fahce.unlp.edu.ar\/index.php\/tag\/sergio-chejfec\/\" class=\"tag-cloud-link tag-link-49 tag-link-position-1\" style=\"font-size: 11pt;\" aria-label=\"sergio-chejfec\">sergio chejfec<\/a> \u00b7\n<a href=\"https:\/\/revistaguay.fahce.unlp.edu.ar\/index.php\/tag\/juan-jose-saer\/\" class=\"tag-cloud-link tag-link-51 tag-link-position-3\" style=\"font-size: 11pt;\" aria-label=\"juan-jose-saer\">juan jos\u00e9 saer<\/a> \u00b7\n<a href=\"https:\/\/revistaguay.fahce.unlp.edu.ar\/index.php\/tag\/fotografia\/\" class=\"tag-cloud-link tag-link-38 tag-link-position-2\" style=\"font-size: 11pt;\" aria-label=\"fotografia\">fotograf\u00eda<\/a> \u00b7\n<a href=\"https:\/\/revistaguay.fahce.unlp.edu.ar\/index.php\/tag\/fin-de-la-historia\/\" class=\"tag-cloud-link tag-link-52 tag-link-position-11\" style=\"font-size: 11pt;\" aria-label=\"fin-de-la-historia\">fin de la historia<\/a> \u00b7\n<a href=\"https:\/\/revistaguay.fahce.unlp.edu.ar\/index.php\/tag\/paisaje\/\" class=\"tag-cloud-link tag-link-52 tag-link-position-11\" style=\"font-size: 11pt;\" aria-label=\"paisaje\">paisaje<\/a> \u00b7\t\t<\/div>\n\t\t\t\t<\/div>\n\t\t\t\t\t<\/div>\n\t\t<\/div>\n\t\t\t\t\t\t\t<\/div>\n\t\t<\/section>\n\t\t\t\t<section class=\"elementor-section elementor-top-section elementor-element elementor-element-9c91757 elementor-section-boxed elementor-section-height-default elementor-section-height-default\" data-id=\"9c91757\" data-element_type=\"section\">\n\t\t\t\t\t\t<div class=\"elementor-container elementor-column-gap-default\">\n\t\t\t\t\t<div class=\"elementor-column elementor-col-100 elementor-top-column elementor-element elementor-element-9e31b78\" data-id=\"9e31b78\" data-element_type=\"column\">\n\t\t\t<div class=\"elementor-widget-wrap elementor-element-populated\">\n\t\t\t\t\t\t\t\t<div class=\"elementor-element elementor-element-4e72969 elementor-widget elementor-widget-spacer\" data-id=\"4e72969\" data-element_type=\"widget\" data-widget_type=\"spacer.default\">\n\t\t\t\t<div class=\"elementor-widget-container\">\n\t\t\t\t\t<div class=\"elementor-spacer\">\n\t\t\t<div class=\"elementor-spacer-inner\"><\/div>\n\t\t<\/div>\n\t\t\t\t<\/div>\n\t\t\t\t<\/div>\n\t\t\t\t\t<\/div>\n\t\t<\/div>\n\t\t\t\t\t\t\t<\/div>\n\t\t<\/section>\n\t\t\t\t<section class=\"elementor-section elementor-top-section elementor-element elementor-element-fe87cba elementor-section-boxed elementor-section-height-default elementor-section-height-default\" data-id=\"fe87cba\" data-element_type=\"section\" data-settings=\"{&quot;background_background&quot;:&quot;classic&quot;}\">\n\t\t\t\t\t\t<div class=\"elementor-container elementor-column-gap-default\">\n\t\t\t\t\t<div class=\"elementor-column elementor-col-25 elementor-top-column elementor-element elementor-element-806c483\" data-id=\"806c483\" data-element_type=\"column\">\n\t\t\t<div class=\"elementor-widget-wrap elementor-element-populated\">\n\t\t\t\t\t\t\t\t<div class=\"elementor-element elementor-element-df19c14 elementor-widget elementor-widget-image\" data-id=\"df19c14\" data-element_type=\"widget\" data-widget_type=\"image.default\">\n\t\t\t\t<div class=\"elementor-widget-container\">\n\t\t\t\t\t\t\t\t\t\t\t\t\t\t\t\t<a href=\"https:\/\/revistaguay.fahce.unlp.edu.ar\/index.php\/home-11\/\">\n\t\t\t\t\t\t\t<img decoding=\"async\" loading=\"lazy\" width=\"120\" height=\"61\" src=\"https:\/\/revistaguay.fahce.unlp.edu.ar\/wp-content\/uploads\/2019\/03\/guay-blanco3.png\" class=\"attachment-large size-large wp-image-221\" alt=\"\" \/>\t\t\t\t\t\t\t\t<\/a>\n\t\t\t\t\t\t\t\t\t\t\t\t\t\t\t<\/div>\n\t\t\t\t<\/div>\n\t\t\t\t\t<\/div>\n\t\t<\/div>\n\t\t\t\t<div class=\"elementor-column elementor-col-50 elementor-top-column elementor-element elementor-element-5377641\" data-id=\"5377641\" data-element_type=\"column\">\n\t\t\t<div class=\"elementor-widget-wrap elementor-element-populated\">\n\t\t\t\t\t\t\t\t<div class=\"elementor-element elementor-element-cd80ae8 elementor-widget elementor-widget-heading\" data-id=\"cd80ae8\" data-element_type=\"widget\" data-widget_type=\"heading.default\">\n\t\t\t\t<div class=\"elementor-widget-container\">\n\t\t\t<h2 class=\"elementor-heading-title elementor-size-default\">ISSN: EN TR\u00c1MITE<\/h2>\t\t<\/div>\n\t\t\t\t<\/div>\n\t\t\t\t<div class=\"elementor-element elementor-element-7d216bc elementor-widget elementor-widget-text-editor\" data-id=\"7d216bc\" data-element_type=\"widget\" data-widget_type=\"text-editor.default\">\n\t\t\t\t<div class=\"elementor-widget-container\">\n\t\t\t\t\t\t\t<p><span style=\"color: #ffffff;\"><a style=\"letter-spacing: 0px; background-color: #000000; color: #ffffff;\" href=\"http:\/\/www.fahce.unlp.edu.ar\/\" target=\"_blank\" rel=\"noopener\">Facultad de Humanidades y Ciencias de la Educaci\u00f3n | Universidad Nacional de La Plata<\/a>\u00a0<\/span><br \/>Calle 51 e\/ 124 y 125 | (1925) Ensenada | Buenos Aires | Argentina<\/p>\t\t\t\t\t\t<\/div>\n\t\t\t\t<\/div>\n\t\t\t\t\t<\/div>\n\t\t<\/div>\n\t\t\t\t<div class=\"elementor-column elementor-col-25 elementor-top-column elementor-element elementor-element-0070516\" data-id=\"0070516\" data-element_type=\"column\">\n\t\t\t<div class=\"elementor-widget-wrap elementor-element-populated\">\n\t\t\t\t\t\t\t\t<div class=\"elementor-element elementor-element-8148eff elementor-shape-circle e-grid-align-mobile-center elementor-grid-0 e-grid-align-center elementor-widget elementor-widget-social-icons\" data-id=\"8148eff\" data-element_type=\"widget\" data-widget_type=\"social-icons.default\">\n\t\t\t\t<div class=\"elementor-widget-container\">\n\t\t\t\t\t<div class=\"elementor-social-icons-wrapper elementor-grid\">\n\t\t\t\t\t\t\t<span class=\"elementor-grid-item\">\n\t\t\t\t\t<a class=\"elementor-icon elementor-social-icon elementor-social-icon-facebook elementor-animation-pulse-shrink elementor-repeater-item-2fdf362\" href=\"https:\/\/www.facebook.com\/RevistaGuay\" target=\"_blank\">\n\t\t\t\t\t\t<span class=\"elementor-screen-only\">Facebook<\/span>\n\t\t\t\t\t\t\t\t\t\t\t\t\t<i class=\"fa fa-facebook\"><\/i>\n\t\t\t\t\t\t\t\t\t\t\t<\/a>\n\t\t\t\t<\/span>\n\t\t\t\t\t\t\t<span class=\"elementor-grid-item\">\n\t\t\t\t\t<a class=\"elementor-icon elementor-social-icon elementor-social-icon-twitter elementor-animation-pulse-shrink elementor-repeater-item-3c0110f\" href=\"https:\/\/twitter.com\/RevistaGuay\" target=\"_blank\">\n\t\t\t\t\t\t<span class=\"elementor-screen-only\">Twitter<\/span>\n\t\t\t\t\t\t\t\t\t\t\t\t\t<i class=\"fa fa-twitter\"><\/i>\n\t\t\t\t\t\t\t\t\t\t\t<\/a>\n\t\t\t\t<\/span>\n\t\t\t\t\t\t\t<span class=\"elementor-grid-item\">\n\t\t\t\t\t<a class=\"elementor-icon elementor-social-icon elementor-social-icon-instagram elementor-animation-pulse-shrink elementor-repeater-item-07993e9\" href=\"https:\/\/www.instagram.com\/revista.guay\/\" target=\"_blank\">\n\t\t\t\t\t\t<span class=\"elementor-screen-only\">Instagram<\/span>\n\t\t\t\t\t\t\t\t\t\t\t\t\t<i class=\"fa fa-instagram\"><\/i>\n\t\t\t\t\t\t\t\t\t\t\t<\/a>\n\t\t\t\t<\/span>\n\t\t\t\t\t\t\t<span class=\"elementor-grid-item\">\n\t\t\t\t\t<a class=\"elementor-icon elementor-social-icon elementor-social-icon-envelope elementor-animation-pulse-shrink elementor-repeater-item-6f94034\" href=\"https:\/\/revistaguay.fahce.unlp.edu.ar\/index.php\/contacto\/\" target=\"_blank\">\n\t\t\t\t\t\t<span class=\"elementor-screen-only\">Envelope<\/span>\n\t\t\t\t\t\t\t\t\t\t\t\t\t<i class=\"fa fa-envelope\"><\/i>\n\t\t\t\t\t\t\t\t\t\t\t<\/a>\n\t\t\t\t<\/span>\n\t\t\t\t\t<\/div>\n\t\t\t\t<\/div>\n\t\t\t\t<\/div>\n\t\t\t\t\t<\/div>\n\t\t<\/div>\n\t\t\t\t\t\t\t<\/div>\n\t\t<\/section>\n\t\t\t\t\t\t\t<\/div>\n\t\t","protected":false},"excerpt":{"rendered":"<p>NARRACIONES IGNACIO BARBEITO Modo linterna (2013) de Sergio Chejfec \u00a0 El merodeador \u00a0 \u00a0 \u00a0La del merodeador es una figura sometida a sospecha. Para quienes observan su andar vacilante, su indefinici\u00f3n es causa de inquietud y alerta. La \u00e9poca que otorg\u00f3 cartas de ciudadan\u00eda acad\u00e9mica a las filosof\u00edas de la sospecha no se las avino &#8230; <a title=\"Modo linterna, Sergio Chejfec\" class=\"read-more\" href=\"https:\/\/revistaguay.fahce.unlp.edu.ar\/index.php\/2022\/05\/11\/modo-linterna-sergio-chejfec\/\">Leer m\u00e1s <span class=\"screen-reader-text\">Modo linterna, Sergio Chejfec<\/span><\/a><\/p>\n","protected":false},"author":1,"featured_media":0,"comment_status":"open","ping_status":"open","sticky":false,"template":"elementor_canvas","format":"standard","meta":{"_mi_skip_tracking":false,"_exactmetrics_sitenote_active":false,"_exactmetrics_sitenote_note":"","_exactmetrics_sitenote_category":0,"footnotes":""},"categories":[111],"tags":[119,118,117,568,120,116],"_links":{"self":[{"href":"https:\/\/revistaguay.fahce.unlp.edu.ar\/index.php\/wp-json\/wp\/v2\/posts\/4094"}],"collection":[{"href":"https:\/\/revistaguay.fahce.unlp.edu.ar\/index.php\/wp-json\/wp\/v2\/posts"}],"about":[{"href":"https:\/\/revistaguay.fahce.unlp.edu.ar\/index.php\/wp-json\/wp\/v2\/types\/post"}],"author":[{"embeddable":true,"href":"https:\/\/revistaguay.fahce.unlp.edu.ar\/index.php\/wp-json\/wp\/v2\/users\/1"}],"replies":[{"embeddable":true,"href":"https:\/\/revistaguay.fahce.unlp.edu.ar\/index.php\/wp-json\/wp\/v2\/comments?post=4094"}],"version-history":[{"count":3,"href":"https:\/\/revistaguay.fahce.unlp.edu.ar\/index.php\/wp-json\/wp\/v2\/posts\/4094\/revisions"}],"predecessor-version":[{"id":4097,"href":"https:\/\/revistaguay.fahce.unlp.edu.ar\/index.php\/wp-json\/wp\/v2\/posts\/4094\/revisions\/4097"}],"wp:attachment":[{"href":"https:\/\/revistaguay.fahce.unlp.edu.ar\/index.php\/wp-json\/wp\/v2\/media?parent=4094"}],"wp:term":[{"taxonomy":"category","embeddable":true,"href":"https:\/\/revistaguay.fahce.unlp.edu.ar\/index.php\/wp-json\/wp\/v2\/categories?post=4094"},{"taxonomy":"post_tag","embeddable":true,"href":"https:\/\/revistaguay.fahce.unlp.edu.ar\/index.php\/wp-json\/wp\/v2\/tags?post=4094"}],"curies":[{"name":"wp","href":"https:\/\/api.w.org\/{rel}","templated":true}]}}