{"id":4957,"date":"2023-11-22T21:54:06","date_gmt":"2023-11-23T00:54:06","guid":{"rendered":"https:\/\/revistaguay.fahce.unlp.edu.ar\/?p=4957"},"modified":"2023-11-22T21:54:08","modified_gmt":"2023-11-23T00:54:08","slug":"hacer-el-odio-1948-2018-banez","status":"publish","type":"post","link":"https:\/\/revistaguay.fahce.unlp.edu.ar\/index.php\/2023\/11\/22\/hacer-el-odio-1948-2018-banez\/","title":{"rendered":"Hacer el odio (1948\/2018), B\u00e1\u00f1ez"},"content":{"rendered":"\t\t<div data-elementor-type=\"wp-post\" data-elementor-id=\"4957\" class=\"elementor elementor-4957\" data-elementor-post-type=\"post\">\n\t\t\t\t\t\t\t\t\t<section class=\"elementor-section elementor-top-section elementor-element elementor-element-5562f5f elementor-section-boxed elementor-section-height-default elementor-section-height-default\" data-id=\"5562f5f\" data-element_type=\"section\">\n\t\t\t\t\t\t<div class=\"elementor-container elementor-column-gap-default\">\n\t\t\t\t\t<div class=\"elementor-column elementor-col-100 elementor-top-column elementor-element elementor-element-8942a2a\" data-id=\"8942a2a\" data-element_type=\"column\">\n\t\t\t<div class=\"elementor-widget-wrap elementor-element-populated\">\n\t\t\t\t\t\t\t\t<div class=\"elementor-element elementor-element-43d4c93 elementor-widget-divider--view-line elementor-widget elementor-widget-divider\" data-id=\"43d4c93\" data-element_type=\"widget\" data-widget_type=\"divider.default\">\n\t\t\t\t<div class=\"elementor-widget-container\">\n\t\t\t\t\t<div class=\"elementor-divider\">\n\t\t\t<span class=\"elementor-divider-separator\">\n\t\t\t\t\t\t<\/span>\n\t\t<\/div>\n\t\t\t\t<\/div>\n\t\t\t\t<\/div>\n\t\t\t\t\t<\/div>\n\t\t<\/div>\n\t\t\t\t\t\t\t<\/div>\n\t\t<\/section>\n\t\t\t\t<section class=\"elementor-section elementor-top-section elementor-element elementor-element-4aac8b1 elementor-section-boxed elementor-section-height-default elementor-section-height-default\" data-id=\"4aac8b1\" data-element_type=\"section\">\n\t\t\t\t\t\t<div class=\"elementor-container elementor-column-gap-default\">\n\t\t\t\t\t<div class=\"elementor-column elementor-col-100 elementor-top-column elementor-element elementor-element-71145d7\" data-id=\"71145d7\" data-element_type=\"column\">\n\t\t\t<div class=\"elementor-widget-wrap elementor-element-populated\">\n\t\t\t\t\t\t\t\t<div class=\"elementor-element elementor-element-eac239a elementor-widget elementor-widget-spacer\" data-id=\"eac239a\" data-element_type=\"widget\" data-widget_type=\"spacer.default\">\n\t\t\t\t<div class=\"elementor-widget-container\">\n\t\t\t\t\t<div class=\"elementor-spacer\">\n\t\t\t<div class=\"elementor-spacer-inner\"><\/div>\n\t\t<\/div>\n\t\t\t\t<\/div>\n\t\t\t\t<\/div>\n\t\t\t\t\t<\/div>\n\t\t<\/div>\n\t\t\t\t\t\t\t<\/div>\n\t\t<\/section>\n\t\t\t\t<section class=\"elementor-section elementor-top-section elementor-element elementor-element-dce06fd elementor-section-boxed elementor-section-height-default elementor-section-height-default\" data-id=\"dce06fd\" data-element_type=\"section\">\n\t\t\t\t\t\t<div class=\"elementor-container elementor-column-gap-default\">\n\t\t\t\t\t<div class=\"elementor-column elementor-col-33 elementor-top-column elementor-element elementor-element-5c46a0b\" data-id=\"5c46a0b\" data-element_type=\"column\">\n\t\t\t<div class=\"elementor-widget-wrap elementor-element-populated\">\n\t\t\t\t\t\t\t\t<div class=\"elementor-element elementor-element-3343936 elementor-widget elementor-widget-html\" data-id=\"3343936\" data-element_type=\"widget\" data-widget_type=\"html.default\">\n\t\t\t\t<div class=\"elementor-widget-container\">\n\t\t\t<a class=img style=\"display:scroll;\nposition:fixed; bottom:00 px; right:1400px;\" href='https:\/\/revistaguay.fahce.unlp.edu.ar\/index.php\/home-11'><img src='https:\/\/revistaguay.fahce.unlp.edu.ar\/wp-content\/uploads\/2019\/04\/flecha.png' border=\"0\"\/><\/a>\n\t\t<\/div>\n\t\t\t\t<\/div>\n\t\t\t\t\t<\/div>\n\t\t<\/div>\n\t\t\t\t<div class=\"elementor-column elementor-col-33 elementor-top-column elementor-element elementor-element-9e21dde\" data-id=\"9e21dde\" data-element_type=\"column\">\n\t\t\t<div class=\"elementor-widget-wrap elementor-element-populated\">\n\t\t\t\t\t\t\t\t<div class=\"elementor-element elementor-element-e655229 elementor-widget elementor-widget-heading\" data-id=\"e655229\" data-element_type=\"widget\" data-widget_type=\"heading.default\">\n\t\t\t\t<div class=\"elementor-widget-container\">\n\t\t\t<h2 class=\"elementor-heading-title elementor-size-default\"><font color=\"#b31e1f\">NOVELA<\/font><br>JUAN MANUEL BELLINI<\/h2>\t\t<\/div>\n\t\t\t\t<\/div>\n\t\t\t\t<div class=\"elementor-element elementor-element-890d99e elementor-widget elementor-widget-heading\" data-id=\"890d99e\" data-element_type=\"widget\" data-widget_type=\"heading.default\">\n\t\t\t\t<div class=\"elementor-widget-container\">\n\t\t\t<h2 class=\"elementor-heading-title elementor-size-default\">Hacer el odio <font size=\"6\">(1984\/2018)<\/font><br>\n<span style=\"color: #999999;\">de Gabriel B\u00e1\u00f1ez<\/span><\/h2>\t\t<\/div>\n\t\t\t\t<\/div>\n\t\t\t\t\t<\/div>\n\t\t<\/div>\n\t\t\t\t<div class=\"elementor-column elementor-col-33 elementor-top-column elementor-element elementor-element-d724217\" data-id=\"d724217\" data-element_type=\"column\">\n\t\t\t<div class=\"elementor-widget-wrap elementor-element-populated\">\n\t\t\t\t\t\t\t\t<div class=\"elementor-element elementor-element-7e25c84 elementor-widget elementor-widget-image\" data-id=\"7e25c84\" data-element_type=\"widget\" data-widget_type=\"image.default\">\n\t\t\t\t<div class=\"elementor-widget-container\">\n\t\t\t\t\t\t\t\t\t\t\t\t\t\t\t<img decoding=\"async\" loading=\"lazy\" width=\"246\" height=\"350\" src=\"https:\/\/revistaguay.fahce.unlp.edu.ar\/wp-content\/uploads\/2021\/08\/banez.jpg\" class=\"attachment-large size-large wp-image-3702\" alt=\"\" srcset=\"https:\/\/revistaguay.fahce.unlp.edu.ar\/wp-content\/uploads\/2021\/08\/banez.jpg 246w, https:\/\/revistaguay.fahce.unlp.edu.ar\/wp-content\/uploads\/2021\/08\/banez-211x300.jpg 211w\" sizes=\"(max-width: 246px) 100vw, 246px\" \/>\t\t\t\t\t\t\t\t\t\t\t\t\t\t\t<\/div>\n\t\t\t\t<\/div>\n\t\t\t\t\t<\/div>\n\t\t<\/div>\n\t\t\t\t\t\t\t<\/div>\n\t\t<\/section>\n\t\t\t\t<section class=\"elementor-section elementor-top-section elementor-element elementor-element-3d8df0e elementor-section-boxed elementor-section-height-default elementor-section-height-default\" data-id=\"3d8df0e\" data-element_type=\"section\" data-settings=\"{&quot;background_background&quot;:&quot;classic&quot;}\">\n\t\t\t\t\t\t<div class=\"elementor-container elementor-column-gap-default\">\n\t\t\t\t\t<div class=\"elementor-column elementor-col-50 elementor-top-column elementor-element elementor-element-a62a655\" data-id=\"a62a655\" data-element_type=\"column\">\n\t\t\t<div class=\"elementor-widget-wrap\">\n\t\t\t\t\t\t\t\t\t<\/div>\n\t\t<\/div>\n\t\t\t\t<div class=\"elementor-column elementor-col-50 elementor-top-column elementor-element elementor-element-c46ccab\" data-id=\"c46ccab\" data-element_type=\"column\">\n\t\t\t<div class=\"elementor-widget-wrap elementor-element-populated\">\n\t\t\t\t\t\t\t\t<div class=\"elementor-element elementor-element-ba6525b elementor-widget elementor-widget-spacer\" data-id=\"ba6525b\" data-element_type=\"widget\" data-widget_type=\"spacer.default\">\n\t\t\t\t<div class=\"elementor-widget-container\">\n\t\t\t\t\t<div class=\"elementor-spacer\">\n\t\t\t<div class=\"elementor-spacer-inner\"><\/div>\n\t\t<\/div>\n\t\t\t\t<\/div>\n\t\t\t\t<\/div>\n\t\t\t\t\t<\/div>\n\t\t<\/div>\n\t\t\t\t\t\t\t<\/div>\n\t\t<\/section>\n\t\t\t\t<section class=\"elementor-section elementor-top-section elementor-element elementor-element-3ab76fb elementor-section-boxed elementor-section-height-default elementor-section-height-default\" data-id=\"3ab76fb\" data-element_type=\"section\">\n\t\t\t\t\t\t<div class=\"elementor-container elementor-column-gap-default\">\n\t\t\t\t\t<div class=\"elementor-column elementor-col-100 elementor-top-column elementor-element elementor-element-064fbac\" data-id=\"064fbac\" data-element_type=\"column\">\n\t\t\t<div class=\"elementor-widget-wrap elementor-element-populated\">\n\t\t\t\t\t\t\t\t<div class=\"elementor-element elementor-element-2626a23 elementor-widget elementor-widget-spacer\" data-id=\"2626a23\" data-element_type=\"widget\" data-widget_type=\"spacer.default\">\n\t\t\t\t<div class=\"elementor-widget-container\">\n\t\t\t\t\t<div class=\"elementor-spacer\">\n\t\t\t<div class=\"elementor-spacer-inner\"><\/div>\n\t\t<\/div>\n\t\t\t\t<\/div>\n\t\t\t\t<\/div>\n\t\t\t\t\t<\/div>\n\t\t<\/div>\n\t\t\t\t\t\t\t<\/div>\n\t\t<\/section>\n\t\t\t\t<section class=\"elementor-section elementor-top-section elementor-element elementor-element-6d8f555 elementor-section-boxed elementor-section-height-default elementor-section-height-default\" data-id=\"6d8f555\" data-element_type=\"section\">\n\t\t\t\t\t\t<div class=\"elementor-container elementor-column-gap-default\">\n\t\t\t\t\t<div class=\"elementor-column elementor-col-50 elementor-top-column elementor-element elementor-element-abe9f64\" data-id=\"abe9f64\" data-element_type=\"column\">\n\t\t\t<div class=\"elementor-widget-wrap\">\n\t\t\t\t\t\t\t\t\t<\/div>\n\t\t<\/div>\n\t\t\t\t<div class=\"elementor-column elementor-col-50 elementor-top-column elementor-element elementor-element-2763cfc\" data-id=\"2763cfc\" data-element_type=\"column\">\n\t\t\t<div class=\"elementor-widget-wrap elementor-element-populated\">\n\t\t\t\t\t\t\t\t<div class=\"elementor-element elementor-element-1676293 elementor-widget elementor-widget-text-editor\" data-id=\"1676293\" data-element_type=\"widget\" data-widget_type=\"text-editor.default\">\n\t\t\t\t<div class=\"elementor-widget-container\">\n\t\t\t\t\t\t\t<p><span style=\"font-weight: 400;\">\u00a0 \u00a0 En agosto de 1994 el escritor \u00c1lvaro Ab\u00f3s se\u00f1alaba acerca de Gabriel B\u00e1\u00f1ez: \u201caunque su nombre no suene con demasiada frecuencia en el gallinero literario debido a que insiste en cometer un pecado mortal en nuestro medio macrocef\u00e1lico: vivir en La Plata, alejado de cen\u00e1culos y fastos\u201d. Y se refer\u00eda a la necesidad de recurrir a <\/span><i><span style=\"font-weight: 400;\">Hacer el odio<\/span><\/i><span style=\"font-weight: 400;\"> para explicar lo que hab\u00eda sucedido d\u00edas atr\u00e1s: el atentado a la AMIA. Ve\u00eda Ab\u00f3s que la novela serv\u00eda para entender el antisemitismo latente en la Argentina. La novela hab\u00eda sido publicada en 1984 por Bruguera y siguiendo a Ab\u00f3s: \u201clos ejemplares remanentes de la edici\u00f3n fueron a parar al proceloso mar del saldo o de la librer\u00eda de viejo, donde tantos tesoros escondidos vegetan a la espera de tiempos mejores\u201d.<\/span><\/p><p><span style=\"font-weight: 400;\">\u00a0 \u00a0 No eran tiempos mejores, pero en julio de 2018 fue reeditada por la editorial Mil Botellas. La contratapa daba cuenta de que \u201cse edit\u00f3 en 1984, anticip\u00e1ndose a <\/span><i><span style=\"font-weight: 400;\">Villa<\/span><\/i><span style=\"font-weight: 400;\"> de Luis Gusm\u00e1n (1996) o <\/span><i><span style=\"font-weight: 400;\">Dos veces junio<\/span><\/i><span style=\"font-weight: 400;\"> de Mart\u00edn Kohan (2002), dos novelas tambi\u00e9n con personajes que no son c\u00e9lebres verdugos, sino que estuvieron y est\u00e1n ocultos en el cotidiano, y que sostienen, a su manera, el horror\u201d.<\/span><\/p><p><span style=\"font-weight: 400;\">\u00a0 \u00a0 \u00a0Empieza la novela con un ep\u00edgrafe de <\/span><i><span style=\"font-weight: 400;\">Portero de noche<\/span><\/i><span style=\"font-weight: 400;\"> de Liliana Cavani que sirve para unir al nazismo con la \u00faltima dictadura. Y las primeras frases ya nos adelantan lo que va a venir: \u201cLa \u00faltima pregunta que recuerdo de ella fue si yo era antisemita. Le respond\u00ed, naturalmente, que la quer\u00eda. Pero no s\u00e9 si la quer\u00eda\u201d.\u00a0 El protagonista es el gris Dami\u00e1n Daussen y empieza narrando sus encuentros con Raquel, jud\u00eda. Las acciones transcurren en La Plata, plena dictadura.<\/span><\/p><p><span style=\"font-weight: 400;\">\u00a0 \u00a0 \u00a0Hay clima de delaci\u00f3n, de sexo reprimido, de secuestros, violencias expl\u00edcitas en las comisar\u00edas e impl\u00edcitas en lo que encuentran en la autopsia de una jirafa del zool\u00f3gico. La Iglesia Cat\u00f3lica tambi\u00e9n juega un rol importante y el moralista y condenador Daussen recurre a la pornograf\u00eda, a las relaciones homosexuales o las pr\u00e1cticas abortivas. Ah\u00ed tambi\u00e9n est\u00e1 la riqueza de la novela: se muestra la doble moral sin necesidad de se\u00f1alarla con el dedo, se va mostrando solita.<\/span><\/p><p><span style=\"font-weight: 400;\">\u00a0 \u00a0 \u00a0Un detalle no menor, la escritura. Prolija e intensa, queda como ejemplo la venida del calor en La Plata: \u201cEl verano lleg\u00f3 a la ciudad. Los d\u00edas se hicieron largos para nada y las mujeres volvieron a las calles con el aire tendencioso de otros veranos. Nada vari\u00f3. O s\u00ed: la fragancia de los tilos nunca result\u00f3 tan impotente como a comienzos del mes. El olor rancio de la Destiler\u00eda se mantuvo inerte sobre la ciudad durante varias semanas. Calor y humedad, un placer malsano en el cuerpo\u201d.\u00a0<\/span><\/p><p><span style=\"font-weight: 400;\">\u00a0 \u00a0 \u00a0La buena literatura despierta los sentidos, leer esos p\u00e1rrafos es sentir ese calor. O visualizar la excavaci\u00f3n donde tendr\u00eda que renacer el Teatro Argentino convertido en cenizas o una excursi\u00f3n al Uruguay lejos de cualquier folleto tur\u00edstico. Tambi\u00e9n hace de lo local, universal, por eso la aparici\u00f3n del cine Roca, la Catedral, el Museo de Ciencias Naturales, la Facultad de Ciencias Exactas de la Universidad Nacional de La Plata donde trabaja Daussen como sereno, no implican localismo, producen el mismo efecto en los ojos de cualquier argentino cuando se enfrentan con la Santa Fe de Juan Jos\u00e9 Saer, el Buenos Aires de Roberto Arlt o Yala de H\u00e9ctor Tiz\u00f3n. Ese buen registro de B\u00e1\u00f1ez tambi\u00e9n se encuentran en los cuentos de <\/span><i><span style=\"font-weight: 400;\">El circo nunca muere<\/span><\/i><span style=\"font-weight: 400;\"> (tambi\u00e9n editados por Mil Botellas), en la nouvelle <\/span><i><span style=\"font-weight: 400;\">Octubre amarillo<\/span><\/i><span style=\"font-weight: 400;\"> donde se encarga del m\u00faltiple femicida Ricardo Barreda y La Plata o en la novela <\/span><i><span style=\"font-weight: 400;\">Virgen<\/span><\/i><span style=\"font-weight: 400;\"> que transcurre en Ensenada.<\/span><\/p><p><span style=\"font-weight: 400;\">\u00a0 \u00a0 \u00a0La relaci\u00f3n Dami\u00e1n-Raquel atraviesa la novela, y no deja de ser atrapante todo lo que se pone en juego, la crueldad de Dami\u00e1n, que tambi\u00e9n mantiene relaciones con una chica de trece a\u00f1os. Este antisemita, ex militante de Tacuara, que pintaba cruces esv\u00e1sticas y que no dudaba en la cooperaci\u00f3n con la polic\u00eda cuando un compa\u00f1ero de pensi\u00f3n se convert\u00eda en secuestrado\/desaparecido, se mov\u00eda en una ciudad donde en los diarios nunca se publicaban los secuestros y con vecinos que dec\u00edan\u00a0 que \u201chab\u00eda empezado la limpieza\u201d al escuchar disparos aislados.<\/span><\/p><p><span style=\"font-weight: 400;\">\u00a0 \u00a0 \u00a0Todo esto publicado en 1984, a apenas un a\u00f1o de terminada la dictadura. Sin dudas merece figurar en el corpus de libros que trabajaron bien el tema a trav\u00e9s de la ficci\u00f3n. Reconocemos ello en <\/span><i><span style=\"font-weight: 400;\">Respiraci\u00f3n artificial<\/span><\/i><span style=\"font-weight: 400;\"> (1980) de Ricardo Piglia y en <\/span><i><span style=\"font-weight: 400;\">Flores robadas en los jardines de Quilmes<\/span><\/i><span style=\"font-weight: 400;\"> (1980) de Jorge As\u00eds, publicadas durante el genocidio en la Argentina, a <\/span><i><span style=\"font-weight: 400;\">El beso de la mujer ara\u00f1a<\/span><\/i><span style=\"font-weight: 400;\"> (1976), <\/span><i><span style=\"font-weight: 400;\">Pubis angelical<\/span><\/i><span style=\"font-weight: 400;\"> (1979) y <\/span><i><span style=\"font-weight: 400;\">Maldici\u00f3n eterna a quien lea estas p\u00e1ginas<\/span><\/i><span style=\"font-weight: 400;\"> (1981), las tres escritas por Manuel Puig en el exilio, o en las ya mencionadas <\/span><i><span style=\"font-weight: 400;\">Dos veces junio<\/span><\/i><span style=\"font-weight: 400;\"> o <\/span><i><span style=\"font-weight: 400;\">Villa<\/span><\/i><span style=\"font-weight: 400;\">, y en el original trabajo de a\u00f1os recientes de Mariana Eva P\u00e9rez en <\/span><i><span style=\"font-weight: 400;\">Diario de una princesa montonera<\/span><\/i><span style=\"font-weight: 400;\"> (2012 y reeditado este a\u00f1o), y tambi\u00e9n en <\/span><i><span style=\"font-weight: 400;\">Hacer el odio<\/span><\/i><span style=\"font-weight: 400;\">.<\/span><\/p><p><span style=\"font-weight: 400;\">\u00a0 \u00a0 \u00a0Lo escrito por \u00c1lvaro Ab\u00f3s en la revista Humor deriv\u00f3 en una reedici\u00f3n a cargo de la editorial Almagesto, en 1995, que desgraciadamente pas\u00f3 sin pena ni gloria. En estos tiempos de derechas que se expanden por el mundo, la reedici\u00f3n de Mil Botellas, que es expuesta en librer\u00edas de Buenos Aires y La Plata, que estuvo presente en las numerosas ferias pre-pandemia en el pa\u00eds, bien merece sumar lectores y lectoras, para entender un pasado de genocidios pero tambi\u00e9n para este presente. Ya desde la portada a cargo de Eduardo Ruiz, vemos una mano que dibuja esv\u00e1sticas. En la p\u00e1gina 131 se narra el secuestro por parte de fuerzas de seguridad a una pareja, la mujer estaba embarazada, entonces un vecino de pensi\u00f3n de Daussen se pregunta\/afirma \u201c\u00bfo acaso usted no sabe que ellas se embarazan a prop\u00f3sito?\u201d. Esta misma frase la hemos visto replicada en distintos contextos y ante distintos hechos, pero siempre est\u00e1 presente.<\/span><\/p><p><span style=\"font-weight: 400;\">\u00a0 \u00a0 \u00a0Las buenas obras se defienden solas, por eso se puede recurrir a otra muestra de la excelente escritura de B\u00e1\u00f1ez: \u201cA media tarde dej\u00e9 el bar y camin\u00e9. El aire estaba h\u00famedo y con olor a pescado. Un muchacho barr\u00eda las escaleras de un s\u00f3tano que a la noche presentaba \u2018el show de las <\/span><i><span style=\"font-weight: 400;\">strip-girls<\/span><\/i><span style=\"font-weight: 400;\">\u2019. Del subsuelo ascend\u00edan vaharadas de acaroina y encierro. Me detuve brevemente a mirar hacia abajo y el muchacho dijo que el espect\u00e1culo comenzaba a las ocho. \u2018Todav\u00eda falta\u2019, agreg\u00f3 luego. \u00danicamente pude divisar un juego de luces de colores y desva\u00eddas ramas de palmeras flanqueando el ingreso. Me alej\u00e9 de inmediato: las ilusiones sobre penumbras, lo mismo que las im\u00e1genes sagradas despu\u00e9s del domingo, siempre me produjeron tristeza\u201d.<\/span><\/p><p><span style=\"font-weight: 400;\">\u00a0 \u00a0 \u00a0La contratapa de su primera edici\u00f3n de 1984 indica que se trataba de \u201cb\u00e1sicamente, un texto confesional para mostrar la ambig\u00fcedad de ciertas conductas: opresi\u00f3n y seducci\u00f3n que cierran la par\u00e1bola\u201d. Atinadas palabras, pero en su lectura se ver\u00e1 que es mucho m\u00e1s que eso. Cabe se\u00f1alar que su \u00faltima novela, <\/span><i><span style=\"font-weight: 400;\">Jitler<\/span><\/i><span style=\"font-weight: 400;\">,\u00a0 editada a ocho a\u00f1os de su muerte, en 2017, por La Comuna (editorial de la Municipalidad de La Plata fundada por B\u00e1\u00f1ez) sigui\u00f3 se\u00f1alando conexiones entre el nazismo y La Plata. Y las pr\u00e1cticas que se realizaban entre las clases ilustradas de la ciudad: \u201cOtro prominente hombre nacional, pero de las filas del Partido Socialista vern\u00e1culo, el Dr. Alejandro Korn, fundador de bibliotecas populares y humanista reconocido, tambi\u00e9n recibi\u00f3 por esos a\u00f1os parte de la remesa ind\u00edgena del Museo de La Plata, s\u00f3lo que bajo la forma de carne viva: una ni\u00f1a de la etnia ach\u00e9 de la comunidad guayaqu\u00ed masacrada en el Paraguay oriental, Damiana, fue entregada al Dr. Korn para que hiciera de mucama en su casa. Ten\u00eda alrededor de nueve a\u00f1os. Nunca se supo el verdadero nombre de Damiana, en los archivos del Museo figura as\u00ed ya que a los tres a\u00f1os fue bautizada con el santo del d\u00eda de la matanza de su familia, San Dami\u00e1n\u201d. Otro Dami\u00e1n.<\/span><\/p><p><span style=\"font-weight: 400;\">\u00a0 \u00a0 \u00a0B\u00e1\u00f1ez naci\u00f3 en 1951 y se suicid\u00f3 en 2009 en La Plata. Si como se\u00f1ala \u00c1lvaro Ab\u00f3s su pecado mortal fue estar lejos de la Capital y no frecuentar al establishment literario, bien vale el rescate de su obra. Quienes se hayan interesado por los libros de ficci\u00f3n acerca de la \u00faltima dictadura, a trav\u00e9s de su lectura no dudar\u00e1n en que <\/span><i><span style=\"font-weight: 400;\">Hacer el odio<\/span><\/i><span style=\"font-weight: 400;\"> merecer\u00e1 un lugar importante. Incluso se la puede tener en cuenta al relacionarla con pel\u00edculas como <\/span><i><span style=\"font-weight: 400;\">Los rubios<\/span><\/i><span style=\"font-weight: 400;\"> (2003) de Albertina Carri o <\/span><i><span style=\"font-weight: 400;\">M<\/span><\/i><span style=\"font-weight: 400;\"> (2007) de Nicol\u00e1s Prividera, que desde el formato documental narran la complicidad civil y el silencio que acompa\u00f1\u00f3 a una \u00e9poca nefasta. Por supuesto, que tambi\u00e9n hubo otra Argentina, de hecho personas relevantes en la lucha contra la \u00faltima dictadura como Estela de Carlotto, Hebe de Bonafini o Chicha Mariani, se criaron y lucharon en la misma ciudad por donde andaban tantos y tantas Dami\u00e1n Daussen.<\/span><\/p>\t\t\t\t\t\t<\/div>\n\t\t\t\t<\/div>\n\t\t\t\t\t<\/div>\n\t\t<\/div>\n\t\t\t\t\t\t\t<\/div>\n\t\t<\/section>\n\t\t\t\t<section class=\"elementor-section elementor-top-section elementor-element elementor-element-7a26cef elementor-section-boxed elementor-section-height-default elementor-section-height-default\" data-id=\"7a26cef\" data-element_type=\"section\">\n\t\t\t\t\t\t<div class=\"elementor-container elementor-column-gap-default\">\n\t\t\t\t\t<div class=\"elementor-column elementor-col-100 elementor-top-column elementor-element elementor-element-3750b0b\" data-id=\"3750b0b\" data-element_type=\"column\">\n\t\t\t<div class=\"elementor-widget-wrap elementor-element-populated\">\n\t\t\t\t\t\t\t\t<div class=\"elementor-element elementor-element-70159c7 elementor-widget elementor-widget-spacer\" data-id=\"70159c7\" data-element_type=\"widget\" data-widget_type=\"spacer.default\">\n\t\t\t\t<div class=\"elementor-widget-container\">\n\t\t\t\t\t<div class=\"elementor-spacer\">\n\t\t\t<div class=\"elementor-spacer-inner\"><\/div>\n\t\t<\/div>\n\t\t\t\t<\/div>\n\t\t\t\t<\/div>\n\t\t\t\t\t<\/div>\n\t\t<\/div>\n\t\t\t\t\t\t\t<\/div>\n\t\t<\/section>\n\t\t\t\t<section class=\"elementor-section elementor-top-section elementor-element elementor-element-432b063 elementor-section-boxed elementor-section-height-default elementor-section-height-default\" data-id=\"432b063\" data-element_type=\"section\">\n\t\t\t\t\t\t<div class=\"elementor-container elementor-column-gap-default\">\n\t\t\t\t\t<div class=\"elementor-column elementor-col-50 elementor-top-column elementor-element elementor-element-caac0f4\" data-id=\"caac0f4\" data-element_type=\"column\">\n\t\t\t<div class=\"elementor-widget-wrap\">\n\t\t\t\t\t\t\t\t\t<\/div>\n\t\t<\/div>\n\t\t\t\t<div class=\"elementor-column elementor-col-50 elementor-top-column elementor-element elementor-element-6d06e7c\" data-id=\"6d06e7c\" data-element_type=\"column\">\n\t\t\t<div class=\"elementor-widget-wrap elementor-element-populated\">\n\t\t\t\t\t\t\t\t<div class=\"elementor-element elementor-element-caff70d elementor-widget elementor-widget-heading\" data-id=\"caff70d\" data-element_type=\"widget\" data-widget_type=\"heading.default\">\n\t\t\t\t<div class=\"elementor-widget-container\">\n\t\t\t<h2 class=\"elementor-heading-title elementor-size-default\">JUAN MANUEL BELLINI\n\n<\/h2>\t\t<\/div>\n\t\t\t\t<\/div>\n\t\t\t\t\t<\/div>\n\t\t<\/div>\n\t\t\t\t\t\t\t<\/div>\n\t\t<\/section>\n\t\t\t\t<section class=\"elementor-section elementor-top-section elementor-element elementor-element-3f550cc elementor-section-boxed elementor-section-height-default elementor-section-height-default\" data-id=\"3f550cc\" data-element_type=\"section\">\n\t\t\t\t\t\t<div class=\"elementor-container elementor-column-gap-default\">\n\t\t\t\t\t<div class=\"elementor-column elementor-col-50 elementor-top-column elementor-element elementor-element-08e4014\" data-id=\"08e4014\" data-element_type=\"column\">\n\t\t\t<div class=\"elementor-widget-wrap\">\n\t\t\t\t\t\t\t\t\t<\/div>\n\t\t<\/div>\n\t\t\t\t<div class=\"elementor-column elementor-col-50 elementor-top-column elementor-element elementor-element-aab8062\" data-id=\"aab8062\" data-element_type=\"column\">\n\t\t\t<div class=\"elementor-widget-wrap elementor-element-populated\">\n\t\t\t\t\t\t\t\t<div class=\"elementor-element elementor-element-6f61898 elementor-widget elementor-widget-text-editor\" data-id=\"6f61898\" data-element_type=\"widget\" data-widget_type=\"text-editor.default\">\n\t\t\t\t<div class=\"elementor-widget-container\">\n\t\t\t\t\t\t\t<section class=\"elementor-section elementor-top-section elementor-element elementor-element-a060c08 elementor-section-boxed elementor-section-height-default elementor-section-height-default\" data-id=\"a060c08\" data-element_type=\"section\"><div class=\"elementor-container elementor-column-gap-default\"><div class=\"elementor-column elementor-col-100 elementor-top-column elementor-element elementor-element-13975aa\" data-id=\"13975aa\" data-element_type=\"column\"><div class=\"elementor-widget-wrap elementor-element-populated\"><div class=\"elementor-element elementor-element-863a5cf elementor-widget elementor-widget-text-editor\" data-id=\"863a5cf\" data-element_type=\"widget\" data-widget_type=\"text-editor.default\"><div class=\"elementor-widget-container\"><div class=\"elementor-text-editor elementor-clearfix\"><p>Es Periodista, docente de la c\u00e1tedra An\u00e1lisis y Cr\u00edtica de Medios de la Facultad de Periodismo y Comunicaci\u00f3n Social (UNLP). Trabaja adem\u00e1s en el Programa de Justicia por Delitos de Lesa Humanidad en la Comisi\u00f3n Provincial por la Memoria.<\/p><\/div><\/div><\/div><\/div><\/div><\/div><\/section><section class=\"elementor-section elementor-top-section elementor-element elementor-element-078b06f elementor-section-boxed elementor-section-height-default elementor-section-height-default\" data-id=\"078b06f\" data-element_type=\"section\"><div class=\"elementor-container elementor-column-gap-default\"><div class=\"elementor-column elementor-col-100 elementor-top-column elementor-element elementor-element-8d9662a\" data-id=\"8d9662a\" data-element_type=\"column\"><div class=\"elementor-widget-wrap elementor-element-populated\"><div class=\"elementor-element elementor-element-0a9e4e0 elementor-widget elementor-widget-divider\" data-id=\"0a9e4e0\" data-element_type=\"widget\" data-widget_type=\"divider.default\"><div class=\"elementor-widget-container\"><div class=\"elementor-divider\">\u00a0<\/div><\/div><\/div><\/div><\/div><\/div><\/section>\t\t\t\t\t\t<\/div>\n\t\t\t\t<\/div>\n\t\t\t\t\t<\/div>\n\t\t<\/div>\n\t\t\t\t\t\t\t<\/div>\n\t\t<\/section>\n\t\t\t\t<section class=\"elementor-section elementor-top-section elementor-element elementor-element-6a2dda2 elementor-section-boxed elementor-section-height-default elementor-section-height-default\" data-id=\"6a2dda2\" data-element_type=\"section\">\n\t\t\t\t\t\t<div class=\"elementor-container elementor-column-gap-default\">\n\t\t\t\t\t<div class=\"elementor-column elementor-col-50 elementor-top-column elementor-element elementor-element-cb50756\" data-id=\"cb50756\" data-element_type=\"column\">\n\t\t\t<div class=\"elementor-widget-wrap\">\n\t\t\t\t\t\t\t\t\t<\/div>\n\t\t<\/div>\n\t\t\t\t<div class=\"elementor-column elementor-col-50 elementor-top-column elementor-element elementor-element-b681be2\" data-id=\"b681be2\" data-element_type=\"column\">\n\t\t\t<div class=\"elementor-widget-wrap elementor-element-populated\">\n\t\t\t\t\t\t\t\t<div class=\"elementor-element elementor-element-522ffe5 elementor-widget-divider--view-line elementor-widget elementor-widget-divider\" data-id=\"522ffe5\" data-element_type=\"widget\" data-widget_type=\"divider.default\">\n\t\t\t\t<div class=\"elementor-widget-container\">\n\t\t\t\t\t<div class=\"elementor-divider\">\n\t\t\t<span class=\"elementor-divider-separator\">\n\t\t\t\t\t\t<\/span>\n\t\t<\/div>\n\t\t\t\t<\/div>\n\t\t\t\t<\/div>\n\t\t\t\t<div class=\"elementor-element elementor-element-706bcb2 elementor-widget elementor-widget-html\" data-id=\"706bcb2\" data-element_type=\"widget\" data-widget_type=\"html.default\">\n\t\t\t\t<div class=\"elementor-widget-container\">\n\t\t\t<a href=\"https:\/\/revistaguay.fahce.unlp.edu.ar\/index.php\/tag\/noviembre-2023\/\" class=\"tag-cloud-link tag-link-49 tag-link-position-1\" style=\"font-size: 11pt;\" aria-label=\"noviembre-2023\">noviembre 2023<\/a> \u00b7\n<a href=\"https:\/\/revistaguay.fahce.unlp.edu.ar\/index.php\/tag\/gabriel-banez\/\" class=\"tag-cloud-link tag-link-49 tag-link-position-1\" style=\"font-size: 11pt;\" aria-label=\"gabriel-banez\">Gabriel B\u00e1\u00f1ez<\/a> \u00b7\n<a href=\"https:\/\/revistaguay.fahce.unlp.edu.ar\/index.php\/tag\/alvaro-abos\/\" class=\"tag-cloud-link tag-link-49 tag-link-position-1\" style=\"font-size: 11pt;\" aria-label=\"alvaro-abos\">\u00c1lvaro Ab\u00f3s<\/a> \u00b7\n<a href=\"https:\/\/revistaguay.fahce.unlp.edu.ar\/index.php\/tag\/juan-manuel-bellini\/\" class=\"tag-cloud-link tag-link-49 tag-link-position-1\" style=\"font-size: 11pt;\" aria-label=\"juan-manuel-bellini\">Juan Manuel Bellini<\/a> \u00b7\n<a href=\"https:\/\/revistaguay.fahce.unlp.edu.ar\/index.php\/tag\/dictadura\/\" class=\"tag-cloud-link tag-link-38 tag-link-position-2\" style=\"font-size: 11pt;\" aria-label=\"dictadura\"> Dictadura<\/a> \u00b7\t\t<\/div>\n\t\t\t\t<\/div>\n\t\t\t\t\t<\/div>\n\t\t<\/div>\n\t\t\t\t\t\t\t<\/div>\n\t\t<\/section>\n\t\t\t\t<section class=\"elementor-section elementor-top-section elementor-element elementor-element-57ecdff elementor-section-boxed elementor-section-height-default elementor-section-height-default\" data-id=\"57ecdff\" data-element_type=\"section\">\n\t\t\t\t\t\t<div class=\"elementor-container elementor-column-gap-default\">\n\t\t\t\t\t<div class=\"elementor-column elementor-col-100 elementor-top-column elementor-element elementor-element-07705d1\" data-id=\"07705d1\" data-element_type=\"column\">\n\t\t\t<div class=\"elementor-widget-wrap elementor-element-populated\">\n\t\t\t\t\t\t\t\t<div class=\"elementor-element elementor-element-0b104cb elementor-widget elementor-widget-spacer\" data-id=\"0b104cb\" data-element_type=\"widget\" data-widget_type=\"spacer.default\">\n\t\t\t\t<div class=\"elementor-widget-container\">\n\t\t\t\t\t<div class=\"elementor-spacer\">\n\t\t\t<div class=\"elementor-spacer-inner\"><\/div>\n\t\t<\/div>\n\t\t\t\t<\/div>\n\t\t\t\t<\/div>\n\t\t\t\t\t<\/div>\n\t\t<\/div>\n\t\t\t\t\t\t\t<\/div>\n\t\t<\/section>\n\t\t\t\t<section class=\"elementor-section elementor-top-section elementor-element elementor-element-164cdbf elementor-section-boxed elementor-section-height-default elementor-section-height-default\" data-id=\"164cdbf\" data-element_type=\"section\" data-settings=\"{&quot;background_background&quot;:&quot;classic&quot;}\">\n\t\t\t\t\t\t<div class=\"elementor-container elementor-column-gap-default\">\n\t\t\t\t\t<div class=\"elementor-column elementor-col-25 elementor-top-column elementor-element elementor-element-6d4e033\" data-id=\"6d4e033\" data-element_type=\"column\">\n\t\t\t<div class=\"elementor-widget-wrap elementor-element-populated\">\n\t\t\t\t\t\t\t\t<div class=\"elementor-element elementor-element-bebab18 elementor-widget elementor-widget-image\" data-id=\"bebab18\" data-element_type=\"widget\" data-widget_type=\"image.default\">\n\t\t\t\t<div class=\"elementor-widget-container\">\n\t\t\t\t\t\t\t\t\t\t\t\t\t\t\t\t<a href=\"https:\/\/revistaguay.fahce.unlp.edu.ar\/\">\n\t\t\t\t\t\t\t<img decoding=\"async\" loading=\"lazy\" width=\"120\" height=\"61\" src=\"https:\/\/revistaguay.fahce.unlp.edu.ar\/wp-content\/uploads\/2019\/03\/guay-blanco3.png\" class=\"attachment-large size-large wp-image-221\" alt=\"\" \/>\t\t\t\t\t\t\t\t<\/a>\n\t\t\t\t\t\t\t\t\t\t\t\t\t\t\t<\/div>\n\t\t\t\t<\/div>\n\t\t\t\t\t<\/div>\n\t\t<\/div>\n\t\t\t\t<div class=\"elementor-column elementor-col-50 elementor-top-column elementor-element elementor-element-1cefc59\" data-id=\"1cefc59\" data-element_type=\"column\">\n\t\t\t<div class=\"elementor-widget-wrap elementor-element-populated\">\n\t\t\t\t\t\t\t\t<div class=\"elementor-element elementor-element-68ca199 elementor-widget elementor-widget-text-editor\" data-id=\"68ca199\" data-element_type=\"widget\" data-widget_type=\"text-editor.default\">\n\t\t\t\t<div class=\"elementor-widget-container\">\n\t\t\t\t\t\t\t<p><span style=\"color: #ffffff;\"><a style=\"letter-spacing: 0px; background-color: #000000; color: #ffffff;\" href=\"http:\/\/www.fahce.unlp.edu.ar\/\" target=\"_blank\" rel=\"noopener\">Facultad de Humanidades y Ciencias de la Educaci\u00f3n | Universidad Nacional de La Plata<\/a>\u00a0<\/span><br \/>Calle 51 e\/ 124 y 125 | (1925) Ensenada | Buenos Aires | Argentina<\/p>\t\t\t\t\t\t<\/div>\n\t\t\t\t<\/div>\n\t\t\t\t\t<\/div>\n\t\t<\/div>\n\t\t\t\t<div class=\"elementor-column elementor-col-25 elementor-top-column elementor-element elementor-element-bf40479\" data-id=\"bf40479\" data-element_type=\"column\">\n\t\t\t<div class=\"elementor-widget-wrap elementor-element-populated\">\n\t\t\t\t\t\t\t\t<div class=\"elementor-element elementor-element-e1eb1a6 elementor-shape-circle e-grid-align-mobile-center elementor-grid-0 e-grid-align-center elementor-widget elementor-widget-social-icons\" data-id=\"e1eb1a6\" data-element_type=\"widget\" data-widget_type=\"social-icons.default\">\n\t\t\t\t<div class=\"elementor-widget-container\">\n\t\t\t\t\t<div class=\"elementor-social-icons-wrapper elementor-grid\">\n\t\t\t\t\t\t\t<span class=\"elementor-grid-item\">\n\t\t\t\t\t<a class=\"elementor-icon elementor-social-icon elementor-social-icon-facebook elementor-animation-pulse-shrink elementor-repeater-item-2fdf362\" href=\"https:\/\/www.facebook.com\/RevistaGuay\" target=\"_blank\">\n\t\t\t\t\t\t<span class=\"elementor-screen-only\">Facebook<\/span>\n\t\t\t\t\t\t\t\t\t\t\t\t\t<i class=\"fa fa-facebook\"><\/i>\n\t\t\t\t\t\t\t\t\t\t\t<\/a>\n\t\t\t\t<\/span>\n\t\t\t\t\t\t\t<span class=\"elementor-grid-item\">\n\t\t\t\t\t<a class=\"elementor-icon elementor-social-icon elementor-social-icon-twitter elementor-animation-pulse-shrink elementor-repeater-item-3c0110f\" href=\"https:\/\/twitter.com\/RevistaGuay\" target=\"_blank\">\n\t\t\t\t\t\t<span class=\"elementor-screen-only\">Twitter<\/span>\n\t\t\t\t\t\t\t\t\t\t\t\t\t<i class=\"fa fa-twitter\"><\/i>\n\t\t\t\t\t\t\t\t\t\t\t<\/a>\n\t\t\t\t<\/span>\n\t\t\t\t\t\t\t<span class=\"elementor-grid-item\">\n\t\t\t\t\t<a class=\"elementor-icon elementor-social-icon elementor-social-icon-instagram elementor-animation-pulse-shrink elementor-repeater-item-07993e9\" href=\"https:\/\/www.instagram.com\/revista.guay\/\" target=\"_blank\">\n\t\t\t\t\t\t<span class=\"elementor-screen-only\">Instagram<\/span>\n\t\t\t\t\t\t\t\t\t\t\t\t\t<i class=\"fa fa-instagram\"><\/i>\n\t\t\t\t\t\t\t\t\t\t\t<\/a>\n\t\t\t\t<\/span>\n\t\t\t\t\t\t\t<span class=\"elementor-grid-item\">\n\t\t\t\t\t<a class=\"elementor-icon elementor-social-icon elementor-social-icon-envelope elementor-animation-pulse-shrink elementor-repeater-item-6f94034\" href=\"https:\/\/revistaguay.fahce.unlp.edu.ar\/index.php\/contacto\/\" target=\"_blank\">\n\t\t\t\t\t\t<span class=\"elementor-screen-only\">Envelope<\/span>\n\t\t\t\t\t\t\t\t\t\t\t\t\t<i class=\"fa fa-envelope\"><\/i>\n\t\t\t\t\t\t\t\t\t\t\t<\/a>\n\t\t\t\t<\/span>\n\t\t\t\t\t<\/div>\n\t\t\t\t<\/div>\n\t\t\t\t<\/div>\n\t\t\t\t\t<\/div>\n\t\t<\/div>\n\t\t\t\t\t\t\t<\/div>\n\t\t<\/section>\n\t\t\t\t\t\t\t<\/div>\n\t\t","protected":false},"excerpt":{"rendered":"<p>NOVELA JUAN MANUEL BELLINI Hacer el odio (1984\/2018) de Gabriel B\u00e1\u00f1ez En agosto de 1994 el escritor \u00c1lvaro Ab\u00f3s se\u00f1alaba acerca de Gabriel B\u00e1\u00f1ez: \u201caunque su nombre no suene con demasiada frecuencia en el gallinero literario debido a que insiste en cometer un pecado mortal en nuestro medio macrocef\u00e1lico: vivir en La Plata, alejado de &#8230; <a title=\"Hacer el odio (1948\/2018), B\u00e1\u00f1ez\" class=\"read-more\" href=\"https:\/\/revistaguay.fahce.unlp.edu.ar\/index.php\/2023\/11\/22\/hacer-el-odio-1948-2018-banez\/\">Leer m\u00e1s <span class=\"screen-reader-text\">Hacer el odio (1948\/2018), B\u00e1\u00f1ez<\/span><\/a><\/p>\n","protected":false},"author":1,"featured_media":0,"comment_status":"closed","ping_status":"open","sticky":false,"template":"elementor_canvas","format":"standard","meta":{"_mi_skip_tracking":false,"_exactmetrics_sitenote_active":false,"_exactmetrics_sitenote_note":"","_exactmetrics_sitenote_category":0,"footnotes":""},"categories":[25,1],"tags":[491,89,490,266,750],"_links":{"self":[{"href":"https:\/\/revistaguay.fahce.unlp.edu.ar\/index.php\/wp-json\/wp\/v2\/posts\/4957"}],"collection":[{"href":"https:\/\/revistaguay.fahce.unlp.edu.ar\/index.php\/wp-json\/wp\/v2\/posts"}],"about":[{"href":"https:\/\/revistaguay.fahce.unlp.edu.ar\/index.php\/wp-json\/wp\/v2\/types\/post"}],"author":[{"embeddable":true,"href":"https:\/\/revistaguay.fahce.unlp.edu.ar\/index.php\/wp-json\/wp\/v2\/users\/1"}],"replies":[{"embeddable":true,"href":"https:\/\/revistaguay.fahce.unlp.edu.ar\/index.php\/wp-json\/wp\/v2\/comments?post=4957"}],"version-history":[{"count":5,"href":"https:\/\/revistaguay.fahce.unlp.edu.ar\/index.php\/wp-json\/wp\/v2\/posts\/4957\/revisions"}],"predecessor-version":[{"id":4962,"href":"https:\/\/revistaguay.fahce.unlp.edu.ar\/index.php\/wp-json\/wp\/v2\/posts\/4957\/revisions\/4962"}],"wp:attachment":[{"href":"https:\/\/revistaguay.fahce.unlp.edu.ar\/index.php\/wp-json\/wp\/v2\/media?parent=4957"}],"wp:term":[{"taxonomy":"category","embeddable":true,"href":"https:\/\/revistaguay.fahce.unlp.edu.ar\/index.php\/wp-json\/wp\/v2\/categories?post=4957"},{"taxonomy":"post_tag","embeddable":true,"href":"https:\/\/revistaguay.fahce.unlp.edu.ar\/index.php\/wp-json\/wp\/v2\/tags?post=4957"}],"curies":[{"name":"wp","href":"https:\/\/api.w.org\/{rel}","templated":true}]}}