{"id":5941,"date":"2025-09-24T15:09:23","date_gmt":"2025-09-24T18:09:23","guid":{"rendered":"https:\/\/revistaguay.fahce.unlp.edu.ar\/?p=5941"},"modified":"2025-09-25T09:25:06","modified_gmt":"2025-09-25T12:25:06","slug":"me-acompana-a-la-noche-2025-colectivo-fantasia-efimera","status":"publish","type":"post","link":"https:\/\/revistaguay.fahce.unlp.edu.ar\/index.php\/2025\/09\/24\/me-acompana-a-la-noche-2025-colectivo-fantasia-efimera\/","title":{"rendered":"Me acompa\u00f1a a la noche (2025), Colectivo Fantas\u00eda Ef\u00edmera"},"content":{"rendered":"\t\t<div data-elementor-type=\"wp-post\" data-elementor-id=\"5941\" class=\"elementor elementor-5941\" data-elementor-post-type=\"post\">\n\t\t\t\t\t\t\t\t\t<section class=\"elementor-section elementor-top-section elementor-element elementor-element-dd3d10e elementor-section-boxed elementor-section-height-default elementor-section-height-default\" data-id=\"dd3d10e\" data-element_type=\"section\">\n\t\t\t\t\t\t<div class=\"elementor-container elementor-column-gap-default\">\n\t\t\t\t\t<div class=\"elementor-column elementor-col-100 elementor-top-column elementor-element elementor-element-19cc1a1\" data-id=\"19cc1a1\" data-element_type=\"column\">\n\t\t\t<div class=\"elementor-widget-wrap elementor-element-populated\">\n\t\t\t\t\t\t\t\t<div class=\"elementor-element elementor-element-a5af24c elementor-widget-divider--view-line elementor-widget elementor-widget-divider\" data-id=\"a5af24c\" data-element_type=\"widget\" data-widget_type=\"divider.default\">\n\t\t\t\t<div class=\"elementor-widget-container\">\n\t\t\t\t\t<div class=\"elementor-divider\">\n\t\t\t<span class=\"elementor-divider-separator\">\n\t\t\t\t\t\t<\/span>\n\t\t<\/div>\n\t\t\t\t<\/div>\n\t\t\t\t<\/div>\n\t\t\t\t\t<\/div>\n\t\t<\/div>\n\t\t\t\t\t\t\t<\/div>\n\t\t<\/section>\n\t\t\t\t<section class=\"elementor-section elementor-top-section elementor-element elementor-element-f66e1a8 elementor-section-boxed elementor-section-height-default elementor-section-height-default\" data-id=\"f66e1a8\" data-element_type=\"section\">\n\t\t\t\t\t\t<div class=\"elementor-container elementor-column-gap-default\">\n\t\t\t\t\t<div class=\"elementor-column elementor-col-100 elementor-top-column elementor-element elementor-element-7578bb2\" data-id=\"7578bb2\" data-element_type=\"column\">\n\t\t\t<div class=\"elementor-widget-wrap elementor-element-populated\">\n\t\t\t\t\t\t\t\t<div class=\"elementor-element elementor-element-c0b30c8 elementor-widget elementor-widget-spacer\" data-id=\"c0b30c8\" data-element_type=\"widget\" data-widget_type=\"spacer.default\">\n\t\t\t\t<div class=\"elementor-widget-container\">\n\t\t\t\t\t<div class=\"elementor-spacer\">\n\t\t\t<div class=\"elementor-spacer-inner\"><\/div>\n\t\t<\/div>\n\t\t\t\t<\/div>\n\t\t\t\t<\/div>\n\t\t\t\t\t<\/div>\n\t\t<\/div>\n\t\t\t\t\t\t\t<\/div>\n\t\t<\/section>\n\t\t\t\t<section class=\"elementor-section elementor-top-section elementor-element elementor-element-de89d9d elementor-section-boxed elementor-section-height-default elementor-section-height-default\" data-id=\"de89d9d\" data-element_type=\"section\">\n\t\t\t\t\t\t<div class=\"elementor-container elementor-column-gap-default\">\n\t\t\t\t\t<div class=\"elementor-column elementor-col-33 elementor-top-column elementor-element elementor-element-613eb29\" data-id=\"613eb29\" data-element_type=\"column\">\n\t\t\t<div class=\"elementor-widget-wrap\">\n\t\t\t\t\t\t\t\t\t<\/div>\n\t\t<\/div>\n\t\t\t\t<div class=\"elementor-column elementor-col-33 elementor-top-column elementor-element elementor-element-496533e\" data-id=\"496533e\" data-element_type=\"column\">\n\t\t\t<div class=\"elementor-widget-wrap elementor-element-populated\">\n\t\t\t\t\t\t\t\t<div class=\"elementor-element elementor-element-f05f49b elementor-widget elementor-widget-heading\" data-id=\"f05f49b\" data-element_type=\"widget\" data-widget_type=\"heading.default\">\n\t\t\t\t<div class=\"elementor-widget-container\">\n\t\t\t<h2 class=\"elementor-heading-title elementor-size-default\"><p style=\"\"><font color=\"#b31e1f\">MUESTRA\/ARTES VISUALES<\/font><\/p>JULIA OLIVA TORRE<br><\/h2>\t\t<\/div>\n\t\t\t\t<\/div>\n\t\t\t\t<div class=\"elementor-element elementor-element-00b72b7 elementor-widget elementor-widget-heading\" data-id=\"00b72b7\" data-element_type=\"widget\" data-widget_type=\"heading.default\">\n\t\t\t\t<div class=\"elementor-widget-container\">\n\t\t\t<h2 class=\"elementor-heading-title elementor-size-default\"><br>Me acompa\u00f1a a la noche <font size=\"6\">(2025)<\/font><br>\n<span style=\"color: #999999;\">de Colectivo Fantas\u00eda Ef\u00edmera<\/span><\/h2>\t\t<\/div>\n\t\t\t\t<\/div>\n\t\t\t\t\t<\/div>\n\t\t<\/div>\n\t\t\t\t<div class=\"elementor-column elementor-col-33 elementor-top-column elementor-element elementor-element-42b0c36\" data-id=\"42b0c36\" data-element_type=\"column\">\n\t\t\t<div class=\"elementor-widget-wrap elementor-element-populated\">\n\t\t\t\t\t\t\t\t<div class=\"elementor-element elementor-element-4446c40 elementor-widget__width-initial elementor-widget elementor-widget-image\" data-id=\"4446c40\" data-element_type=\"widget\" data-widget_type=\"image.default\">\n\t\t\t\t<div class=\"elementor-widget-container\">\n\t\t\t\t\t\t\t\t\t\t\t\t\t\t\t<img decoding=\"async\" loading=\"lazy\" width=\"232\" height=\"350\" src=\"https:\/\/revistaguay.fahce.unlp.edu.ar\/wp-content\/uploads\/2025\/09\/fantasia-efimera.jpg\" class=\"attachment-full size-full wp-image-5944\" alt=\"\" srcset=\"https:\/\/revistaguay.fahce.unlp.edu.ar\/wp-content\/uploads\/2025\/09\/fantasia-efimera.jpg 232w, https:\/\/revistaguay.fahce.unlp.edu.ar\/wp-content\/uploads\/2025\/09\/fantasia-efimera-199x300.jpg 199w\" sizes=\"(max-width: 232px) 100vw, 232px\" \/>\t\t\t\t\t\t\t\t\t\t\t\t\t\t\t<\/div>\n\t\t\t\t<\/div>\n\t\t\t\t\t<\/div>\n\t\t<\/div>\n\t\t\t\t\t\t\t<\/div>\n\t\t<\/section>\n\t\t\t\t<section class=\"elementor-section elementor-top-section elementor-element elementor-element-c22da3d elementor-section-boxed elementor-section-height-default elementor-section-height-default\" data-id=\"c22da3d\" data-element_type=\"section\" data-settings=\"{&quot;background_background&quot;:&quot;classic&quot;}\">\n\t\t\t\t\t\t<div class=\"elementor-container elementor-column-gap-default\">\n\t\t\t\t\t<div class=\"elementor-column elementor-col-50 elementor-top-column elementor-element elementor-element-542f2df\" data-id=\"542f2df\" data-element_type=\"column\">\n\t\t\t<div class=\"elementor-widget-wrap\">\n\t\t\t\t\t\t\t\t\t<\/div>\n\t\t<\/div>\n\t\t\t\t<div class=\"elementor-column elementor-col-50 elementor-top-column elementor-element elementor-element-35cc874\" data-id=\"35cc874\" data-element_type=\"column\">\n\t\t\t<div class=\"elementor-widget-wrap\">\n\t\t\t\t\t\t\t\t\t<\/div>\n\t\t<\/div>\n\t\t\t\t\t\t\t<\/div>\n\t\t<\/section>\n\t\t\t\t<section class=\"elementor-section elementor-top-section elementor-element elementor-element-e2d4748 elementor-section-boxed elementor-section-height-default elementor-section-height-default\" data-id=\"e2d4748\" data-element_type=\"section\">\n\t\t\t\t\t\t<div class=\"elementor-container elementor-column-gap-default\">\n\t\t\t\t\t<div class=\"elementor-column elementor-col-33 elementor-top-column elementor-element elementor-element-1b6a474\" data-id=\"1b6a474\" data-element_type=\"column\">\n\t\t\t<div class=\"elementor-widget-wrap\">\n\t\t\t\t\t\t\t\t\t<\/div>\n\t\t<\/div>\n\t\t\t\t<div class=\"elementor-column elementor-col-66 elementor-top-column elementor-element elementor-element-a73e8ab\" data-id=\"a73e8ab\" data-element_type=\"column\">\n\t\t\t<div class=\"elementor-widget-wrap\">\n\t\t\t\t\t\t\t\t\t<\/div>\n\t\t<\/div>\n\t\t\t\t\t\t\t<\/div>\n\t\t<\/section>\n\t\t\t\t<section class=\"elementor-section elementor-top-section elementor-element elementor-element-de61c3a elementor-section-boxed elementor-section-height-default elementor-section-height-default\" data-id=\"de61c3a\" data-element_type=\"section\">\n\t\t\t\t\t\t<div class=\"elementor-container elementor-column-gap-default\">\n\t\t\t\t\t<div class=\"elementor-column elementor-col-50 elementor-top-column elementor-element elementor-element-ed37eab\" data-id=\"ed37eab\" data-element_type=\"column\">\n\t\t\t<div class=\"elementor-widget-wrap\">\n\t\t\t\t\t\t\t\t\t<\/div>\n\t\t<\/div>\n\t\t\t\t<div class=\"elementor-column elementor-col-50 elementor-top-column elementor-element elementor-element-9637494\" data-id=\"9637494\" data-element_type=\"column\">\n\t\t\t<div class=\"elementor-widget-wrap elementor-element-populated\">\n\t\t\t\t\t\t\t\t<div class=\"elementor-element elementor-element-69b7242 elementor-widget elementor-widget-text-editor\" data-id=\"69b7242\" data-element_type=\"widget\" data-widget_type=\"text-editor.default\">\n\t\t\t\t<div class=\"elementor-widget-container\">\n\t\t\t\t\t\t\t<p><span style=\"font-weight: 400;\">El s\u00e1bado 23 de agosto sucedi\u00f3 <\/span><i><span style=\"font-weight: 400;\">Me acompa\u00f1a a la noche<\/span><\/i><span style=\"font-weight: 400;\">, una muestra realizada por el colectivo de escen\u00f3grafas y artistas visuales <\/span><i><span style=\"font-weight: 400;\">Fantas\u00eda Ef\u00edmera<\/span><\/i><span style=\"font-weight: 400;\"> integrado por Camila Pereyra, Irene Scotti Donnantuoni y Renata Comesa\u00f1a. La muestra tuvo lugar en las instalaciones de F\u00e1brica C.I.T.A (Cooperativa Industrial Textil Argentina) con la participaci\u00f3n de lxs artistas Agostina Cordomi, Carolina Donnantuoni, Who is Juliet (Julieta Guerrero), Wacho Ph (Juan Francisco Arias)\u00a0 y el colectivo Fantas\u00eda Ef\u00edmera.<\/span><\/p><p><span style=\"font-weight: 400;\">Desde que la f\u00e1brica dej\u00f3 de funcionar a fines de 2017, CITA se recuper\u00f3 como un espacio que permiti\u00f3 darle lugar a distintas propuestas culturales. Al d\u00eda de hoy funcionan talleres de diferentes colectivos de artistas, un teatro, se realizan ferias, fiestas, eventos de cocina, muestras y m\u00e1s. Sin embargo, pocas veces se hab\u00eda utilizado la zona de la f\u00e1brica donde se encuentra la sala de m\u00e1quinas para un evento abierto al p\u00fablico, hasta <\/span><i><span style=\"font-weight: 400;\">Me acompa\u00f1a a la noche.\u00a0<\/span><\/i><\/p><p><span style=\"font-weight: 400;\">La f\u00e1brica CITA se fund\u00f3 en 1952, durante el gobierno de Juan Domingo Per\u00f3n como cooperativa textil. Fue a finales del a\u00f1o 2017 con el cr\u00edtico contexto econ\u00f3mico y la implementaci\u00f3n de pol\u00edticas neoliberales que desfinanciaron las cooperativas y la producci\u00f3n nacional, que la f\u00e1brica dej\u00f3 de funcionar.<\/span><\/p><p><span style=\"font-weight: 400;\">Hoy, siete a\u00f1os despu\u00e9s, la sala de m\u00e1quinas parece haber quedado paralizada en el tiempo. Las cosas en el exacto lugar donde ese d\u00eda quedaron inm\u00f3viles, los telares donde dejaron de moverse en ese minuto exacto, ni uno m\u00e1s, ni uno menos. Caminarla y recorrer sus rincones se asemeja a cumplir el deseo de, por un rato, poder entrar en una foto que ten\u00edamos guardada hace a\u00f1os. En ese \u00ednterin fuera del tiempo, o <\/span><i><span style=\"font-weight: 400;\">entre-tiempos<\/span><\/i><span style=\"font-weight: 400;\">, puede a\u00fan escucharse el ruido de la maquinaria y sentirse el temblor de las paredes. Hacia el final del documental <\/span><i><span style=\"font-weight: 400;\">C.I.T.A. (Cooperativa Industrial Textil Argentina)<\/span><\/i> <span style=\"font-weight: 400;\">que realiz\u00f3 el colectivo de realizadorxs audiovisuales<\/span><i><span style=\"font-weight: 400;\"> La Mula Cine <\/span><\/i><span style=\"font-weight: 400;\">en el a\u00f1o 2019, los trabajadores dicen \u201cy el sue\u00f1o m\u00e1s grande que puedo tener es que volvamos a funcionar. Los viejos y los inmigrantes en su momento cuando yo era pibe, dec\u00edan que era m\u00fasica para sus o\u00eddos el ruido de los telares\u2026 eso quiero, volver a escuchar los telares\u201d. Aunque el mayor de los deseos es que la f\u00e1brica vuelva a funcionar y que los trabajadores puedan recuperar sus puestos, podemos preguntarnos qu\u00e9 seguimos escuchando en el recuerdo de la f\u00e1brica, y m\u00e1s a\u00fan, qu\u00e9 escuchamos <\/span><i><span style=\"font-weight: 400;\">en <\/span><\/i><span style=\"font-weight: 400;\">el recuerdo que antes no. Como escribe Ione en la introducci\u00f3n de <\/span><i><span style=\"font-weight: 400;\">Escucha Cu\u00e1ntica, <\/span><\/i><span style=\"font-weight: 400;\">libro de la compositora Pauline Oliveros, \u201cMientras escribo y escucho ahora estos sonidos recordados\u2026 emergen en mi consciencia otros que antes no hab\u00eda o\u00eddo\u201d.\u00a0<\/span><\/p><p><span style=\"font-weight: 400;\">Es en este espacio compuesto de historia, memoria y posibilidad, donde se llev\u00f3 a cabo <\/span><i><span style=\"font-weight: 400;\">Me acompa\u00f1a a la noche<\/span><\/i><span style=\"font-weight: 400;\">. El proyecto de la muestra surgi\u00f3 gracias a una convocatoria que realiz\u00f3 <\/span><i><span style=\"font-weight: 400;\">Fantas\u00eda Ef\u00edmera<\/span><\/i><span style=\"font-weight: 400;\">, la cual consist\u00eda en que la gente enviara material de su archivo personal. Fotos, videos, cartas, postales, con la consigna de que dejaran entrever algunas pistas de su cotidiano. Decidieron hacer la muestra dentro de la f\u00e1brica, ya que es donde tienen su lugar de taller <\/span><i><span style=\"font-weight: 400;\">Cripta, <\/span><\/i><span style=\"font-weight: 400;\">el cual habitan cotidianamente.<\/span><\/p><p><span style=\"font-weight: 400;\">La noche de la muestra, al ingresar por la entrada de calle 115, a primera vista se encontraba el fichero que utilizaban los trabajadores de la f\u00e1brica repleto de postales con fotograf\u00edas de diferentes personas que hab\u00edan participado en la convocatoria, las cuales la gente pod\u00eda agarrar para llevarse. Luego al seguir el recorrido pod\u00edamos ver una de las obras de <\/span><i><span style=\"font-weight: 400;\">Fantas\u00eda Ef\u00edmera<\/span><\/i><span style=\"font-weight: 400;\">, un tendal con ropa colgada sobre el que se proyectaban distintas im\u00e1genes y videos superpuestos recolectados tambi\u00e9n durante la convocatoria. Memorias personales que en su conjunto conformaban un paisaje de memorias colectivas. Estas, aunque \u00edntimas y cotidianas, se tornaban extra\u00f1as y deformes en la superposici\u00f3n de unas con otras.\u00a0<\/span><\/p>\t\t\t\t\t\t<\/div>\n\t\t\t\t<\/div>\n\t\t\t\t\t<\/div>\n\t\t<\/div>\n\t\t\t\t\t\t\t<\/div>\n\t\t<\/section>\n\t\t\t\t<section class=\"elementor-section elementor-top-section elementor-element elementor-element-80ee8d7 elementor-section-boxed elementor-section-height-default elementor-section-height-default\" data-id=\"80ee8d7\" data-element_type=\"section\">\n\t\t\t\t\t\t<div class=\"elementor-container elementor-column-gap-default\">\n\t\t\t\t\t<div class=\"elementor-column elementor-col-33 elementor-top-column elementor-element elementor-element-eb8efa3\" data-id=\"eb8efa3\" data-element_type=\"column\">\n\t\t\t<div class=\"elementor-widget-wrap\">\n\t\t\t\t\t\t\t\t\t<\/div>\n\t\t<\/div>\n\t\t\t\t<div class=\"elementor-column elementor-col-66 elementor-top-column elementor-element elementor-element-44e2e86\" data-id=\"44e2e86\" data-element_type=\"column\">\n\t\t\t<div class=\"elementor-widget-wrap elementor-element-populated\">\n\t\t\t\t\t\t\t\t<div class=\"elementor-element elementor-element-2da736d elementor-widget elementor-widget-image\" data-id=\"2da736d\" data-element_type=\"widget\" data-widget_type=\"image.default\">\n\t\t\t\t<div class=\"elementor-widget-container\">\n\t\t\t\t\t\t\t\t\t\t\t\t\t\t\t<img decoding=\"async\" loading=\"lazy\" width=\"328\" height=\"495\" src=\"https:\/\/revistaguay.fahce.unlp.edu.ar\/wp-content\/uploads\/2025\/09\/Captura-de-pantalla-2025-09-23-234346.png\" class=\"attachment-large size-large wp-image-5945\" alt=\"\" srcset=\"https:\/\/revistaguay.fahce.unlp.edu.ar\/wp-content\/uploads\/2025\/09\/Captura-de-pantalla-2025-09-23-234346.png 328w, https:\/\/revistaguay.fahce.unlp.edu.ar\/wp-content\/uploads\/2025\/09\/Captura-de-pantalla-2025-09-23-234346-199x300.png 199w\" sizes=\"(max-width: 328px) 100vw, 328px\" \/>\t\t\t\t\t\t\t\t\t\t\t\t\t\t\t<\/div>\n\t\t\t\t<\/div>\n\t\t\t\t\t<\/div>\n\t\t<\/div>\n\t\t\t\t\t\t\t<\/div>\n\t\t<\/section>\n\t\t\t\t<section class=\"elementor-section elementor-top-section elementor-element elementor-element-c1cf8ee elementor-section-boxed elementor-section-height-default elementor-section-height-default\" data-id=\"c1cf8ee\" data-element_type=\"section\">\n\t\t\t\t\t\t<div class=\"elementor-container elementor-column-gap-default\">\n\t\t\t\t\t<div class=\"elementor-column elementor-col-50 elementor-top-column elementor-element elementor-element-e9c2b0d\" data-id=\"e9c2b0d\" data-element_type=\"column\">\n\t\t\t<div class=\"elementor-widget-wrap\">\n\t\t\t\t\t\t\t\t\t<\/div>\n\t\t<\/div>\n\t\t\t\t<div class=\"elementor-column elementor-col-50 elementor-top-column elementor-element elementor-element-46eb455\" data-id=\"46eb455\" data-element_type=\"column\">\n\t\t\t<div class=\"elementor-widget-wrap elementor-element-populated\">\n\t\t\t\t\t\t\t\t<div class=\"elementor-element elementor-element-be243f8 elementor-widget__width-initial elementor-widget elementor-widget-text-editor\" data-id=\"be243f8\" data-element_type=\"widget\" data-widget_type=\"text-editor.default\">\n\t\t\t\t<div class=\"elementor-widget-container\">\n\t\t\t\t\t\t\t<p><span style=\"font-weight: 400;\">Al continuar el recorrido, sobre una esquina de la sala ten\u00eda su set de vinilos <\/span><i><span style=\"font-weight: 400;\">Lvcio,<\/span><\/i><span style=\"font-weight: 400;\"> DJ que fue invitado para musicalizar la noche. Luego, al doblar hacia la izquierda, se encontraba la obra de Carolina Donnantuoni quien viene coleccionando fotograf\u00edas de cielos desde el a\u00f1o 2022. La colecci\u00f3n lleva el nombre de <\/span><i><span style=\"font-weight: 400;\">Los mil cielos<\/span><\/i><span style=\"font-weight: 400;\">, al d\u00eda de la fecha va por el cielo n\u00famero 821 con la intenci\u00f3n de llegar a los mil. Para la muestra se seleccionaron 69 de esas fotograf\u00edas y se proyectaron mapeadas sobre una estructura de ladrillos apilados. En la intersecci\u00f3n del material con las fotograf\u00edas, la referencialidad del cielo de a momentos se perd\u00eda y de a momentos volv\u00eda a aparecer. En el contacto de las dos materialidades, ladrillos y fotograf\u00edas, emerg\u00eda <\/span><i><span style=\"font-weight: 400;\">eso otro<\/span><\/i><span style=\"font-weight: 400;\"> que solo era posible en su encuentro. La sombra que se produc\u00eda detr\u00e1s, era el negativo de lo que estaba sucediendo adelante. La luz se filtraba por los huecos de los ladrillos dejando pasar fragmentos de cielo hacia el otro lado. A\u00fan en la insistencia infructuosa de intentar coleccionar lo imposible, el cielo no se puede atrapar, su azul est\u00e1 en todas partes y en ninguna. \u201cEn el caos de la imagen\/ te presento el Azul universal \/ azul, una puerta abierta al alma \/ una posibilidad infinita \/ que se vuelve tangible\u201d escribe Derek Jarman en su libro <\/span><i><span style=\"font-weight: 400;\">Croma.<\/span><\/i><\/p>\t\t\t\t\t\t<\/div>\n\t\t\t\t<\/div>\n\t\t\t\t\t<\/div>\n\t\t<\/div>\n\t\t\t\t\t\t\t<\/div>\n\t\t<\/section>\n\t\t\t\t<section class=\"elementor-section elementor-top-section elementor-element elementor-element-0c83dec elementor-section-boxed elementor-section-height-default elementor-section-height-default\" data-id=\"0c83dec\" data-element_type=\"section\">\n\t\t\t\t\t\t<div class=\"elementor-container elementor-column-gap-default\">\n\t\t\t\t\t<div class=\"elementor-column elementor-col-100 elementor-top-column elementor-element elementor-element-2366172\" data-id=\"2366172\" data-element_type=\"column\">\n\t\t\t<div class=\"elementor-widget-wrap elementor-element-populated\">\n\t\t\t\t\t\t\t\t<div class=\"elementor-element elementor-element-41089ca elementor-widget elementor-widget-image\" data-id=\"41089ca\" data-element_type=\"widget\" data-widget_type=\"image.default\">\n\t\t\t\t<div class=\"elementor-widget-container\">\n\t\t\t\t\t\t\t\t\t\t\t\t\t\t\t<img decoding=\"async\" loading=\"lazy\" width=\"414\" height=\"434\" src=\"https:\/\/revistaguay.fahce.unlp.edu.ar\/wp-content\/uploads\/2025\/09\/Captura-de-pantalla-2025-09-23-234732.png\" class=\"attachment-large size-large wp-image-5946\" alt=\"\" srcset=\"https:\/\/revistaguay.fahce.unlp.edu.ar\/wp-content\/uploads\/2025\/09\/Captura-de-pantalla-2025-09-23-234732.png 414w, https:\/\/revistaguay.fahce.unlp.edu.ar\/wp-content\/uploads\/2025\/09\/Captura-de-pantalla-2025-09-23-234732-286x300.png 286w\" sizes=\"(max-width: 414px) 100vw, 414px\" \/>\t\t\t\t\t\t\t\t\t\t\t\t\t\t\t<\/div>\n\t\t\t\t<\/div>\n\t\t\t\t\t<\/div>\n\t\t<\/div>\n\t\t\t\t\t\t\t<\/div>\n\t\t<\/section>\n\t\t\t\t<section class=\"elementor-section elementor-top-section elementor-element elementor-element-44f517a elementor-section-boxed elementor-section-height-default elementor-section-height-default\" data-id=\"44f517a\" data-element_type=\"section\">\n\t\t\t\t\t\t<div class=\"elementor-container elementor-column-gap-default\">\n\t\t\t\t\t<div class=\"elementor-column elementor-col-50 elementor-top-column elementor-element elementor-element-3e72e3c\" data-id=\"3e72e3c\" data-element_type=\"column\">\n\t\t\t<div class=\"elementor-widget-wrap\">\n\t\t\t\t\t\t\t\t\t<\/div>\n\t\t<\/div>\n\t\t\t\t<div class=\"elementor-column elementor-col-50 elementor-top-column elementor-element elementor-element-8c69af0\" data-id=\"8c69af0\" data-element_type=\"column\">\n\t\t\t<div class=\"elementor-widget-wrap elementor-element-populated\">\n\t\t\t\t\t\t\t\t<div class=\"elementor-element elementor-element-da632b4 elementor-widget__width-initial elementor-widget elementor-widget-text-editor\" data-id=\"da632b4\" data-element_type=\"widget\" data-widget_type=\"text-editor.default\">\n\t\t\t\t<div class=\"elementor-widget-container\">\n\t\t\t\t\t\t\t<p><span style=\"font-weight: 400;\">Siguiendo el trayecto propuesto por la muestra, estaba la obra de Who is Juliet. Un collage textil montado sobre una estructura de metal que se hallaba en la f\u00e1brica. La estructura triangular suger\u00eda la forma de una casa. Colgando de ella se encontraba el collage textil compuesto por diferentes retazos de telas, peluches, objetos y fotograf\u00edas hechas por la artista. Un universo tierno y kitsch que de a ratos evocaba un aire siniestro.<\/span><\/p><p><span style=\"font-weight: 400;\">Montada tambi\u00e9n sobre m\u00e1quinas se hallaba la obra de Agostina Cordomi <\/span><i><span style=\"font-weight: 400;\">Espero me escribas pronto y me digas cu\u00e1l es tu silencio<\/span><\/i><span style=\"font-weight: 400;\">. Agostina trabaj\u00f3 con archivo de su familia, reescribiendo y proyectando fragmentos de cartas y postales heredadas de su abuela a trav\u00e9s de las cuales conoci\u00f3 a parte de su familia. Sobre una estructura rectangular se proyectaban partes de las cartas y las postales que, al no estar mapeadas, continuaban y te\u00f1\u00edan el espacio con esas letras. A su lado hab\u00eda fragmentos de las cartas que Agostina reescribi\u00f3 a mano, una manera de pasar esas historias y el gesto tan \u00edntimo de la caligraf\u00eda de su abuela, por su propio cuerpo. Agostina dice de su obra \u201cLa obra se posiciona entre el impulso de conservar y el anhelo de conocer. Una exploraci\u00f3n sobre c\u00f3mo se hereda, se interpreta y se transforma lo que permanece. Una memoria que no busca ser fiel sino mantenerse viva\u201d. Lo que la artista hace es involucrarse activamente en el acto de heredar. Dice Claudia Gonz\u00e1lez Caparr\u00f3s en el pr\u00f3logo del libro <\/span><i><span style=\"font-weight: 400;\">Poquita Fe<\/span><\/i><span style=\"font-weight: 400;\"> de la poeta Robin Myers \u201cHay herencias buscadas fervorosamente que nos definen no por lo que logramos confirmar de nosotros a trav\u00e9s de los genes o del relato familiar, sino por el af\u00e1n con el que emprendemos su b\u00fasqueda\u201d.<\/span><\/p>\t\t\t\t\t\t<\/div>\n\t\t\t\t<\/div>\n\t\t\t\t\t<\/div>\n\t\t<\/div>\n\t\t\t\t\t\t\t<\/div>\n\t\t<\/section>\n\t\t\t\t<section class=\"elementor-section elementor-top-section elementor-element elementor-element-24dbadd elementor-section-boxed elementor-section-height-default elementor-section-height-default\" data-id=\"24dbadd\" data-element_type=\"section\">\n\t\t\t\t\t\t<div class=\"elementor-container elementor-column-gap-default\">\n\t\t\t\t\t<div class=\"elementor-column elementor-col-100 elementor-top-column elementor-element elementor-element-ba41a27\" data-id=\"ba41a27\" data-element_type=\"column\">\n\t\t\t<div class=\"elementor-widget-wrap elementor-element-populated\">\n\t\t\t\t\t\t\t\t<div class=\"elementor-element elementor-element-a54a53e elementor-widget elementor-widget-image\" data-id=\"a54a53e\" data-element_type=\"widget\" data-widget_type=\"image.default\">\n\t\t\t\t<div class=\"elementor-widget-container\">\n\t\t\t\t\t\t\t\t\t\t\t\t\t\t\t<img decoding=\"async\" loading=\"lazy\" width=\"338\" height=\"501\" src=\"https:\/\/revistaguay.fahce.unlp.edu.ar\/wp-content\/uploads\/2025\/09\/Captura-de-pantalla-2025-09-23-235326.png\" class=\"attachment-large size-large wp-image-5947\" alt=\"\" srcset=\"https:\/\/revistaguay.fahce.unlp.edu.ar\/wp-content\/uploads\/2025\/09\/Captura-de-pantalla-2025-09-23-235326.png 338w, https:\/\/revistaguay.fahce.unlp.edu.ar\/wp-content\/uploads\/2025\/09\/Captura-de-pantalla-2025-09-23-235326-202x300.png 202w\" sizes=\"(max-width: 338px) 100vw, 338px\" \/>\t\t\t\t\t\t\t\t\t\t\t\t\t\t\t<\/div>\n\t\t\t\t<\/div>\n\t\t\t\t\t<\/div>\n\t\t<\/div>\n\t\t\t\t\t\t\t<\/div>\n\t\t<\/section>\n\t\t\t\t<section class=\"elementor-section elementor-top-section elementor-element elementor-element-b72fee2 elementor-section-boxed elementor-section-height-default elementor-section-height-default\" data-id=\"b72fee2\" data-element_type=\"section\">\n\t\t\t\t\t\t<div class=\"elementor-container elementor-column-gap-default\">\n\t\t\t\t\t<div class=\"elementor-column elementor-col-50 elementor-top-column elementor-element elementor-element-8df486c\" data-id=\"8df486c\" data-element_type=\"column\">\n\t\t\t<div class=\"elementor-widget-wrap\">\n\t\t\t\t\t\t\t\t\t<\/div>\n\t\t<\/div>\n\t\t\t\t<div class=\"elementor-column elementor-col-50 elementor-top-column elementor-element elementor-element-b05ee40\" data-id=\"b05ee40\" data-element_type=\"column\">\n\t\t\t<div class=\"elementor-widget-wrap elementor-element-populated\">\n\t\t\t\t\t\t\t\t<div class=\"elementor-element elementor-element-524440f elementor-widget elementor-widget-text-editor\" data-id=\"524440f\" data-element_type=\"widget\" data-widget_type=\"text-editor.default\">\n\t\t\t\t<div class=\"elementor-widget-container\">\n\t\t\t\t\t\t\t<p><span style=\"font-weight: 400;\">En un costado, sobre el nylon que funciona de separaci\u00f3n entre la sala de m\u00e1quinas y el dep\u00f3sito, se encontraban proyectadas las im\u00e1genes de Wacho Ph. La selecci\u00f3n de im\u00e1genes se bas\u00f3 en fotos de su infancia y otras que recolect\u00f3 para un proyecto que hizo hace un tiempo, donde la gente le mandaba im\u00e1genes de su archivo y \u00e9l las interven\u00eda para hacer stickers y pegarlos por la ciudad. Para la obra que se present\u00f3 en la muestra, las fotograf\u00edas fueron sometidas a una Inteligencia Artificial y luego editadas con la intenci\u00f3n de romper y distorsionar la imagen cada vez m\u00e1s, intentando aludir a un imaginario on\u00edrico y poco n\u00edtido. La pregunta por la intangibilidad de nuestros archivos hoy y de c\u00f3mo constantemente estamos otorg\u00e1ndole nuestras im\u00e1genes a la internet e inteligencias artificiales, se hace presente en esta obra. \u00bfQu\u00e9 puede hacer una inteligencia artificial con nuestras memorias afectivas y personales? \u00bfC\u00f3mo las puede interpretar y reelaborar?<\/span><\/p><p><span style=\"font-weight: 400;\">Por \u00faltimo, al fondo de la sala, la segunda obra que present\u00f3 Fantas\u00eda Ef\u00edmera era una cama sobre la que se proyectaban las im\u00e1genes reunidas en la convocatoria. La cama, el lugar por excelencia que nos acompa\u00f1a a la noche. Territorio de sue\u00f1os, de deseo, de cotidianeidad, de acogimiento, de amenaza, de sensibilidad. La cama, el \u00fanico lugar donde permanecemos <\/span><i><span style=\"font-weight: 400;\">horizontal, <\/span><\/i><span style=\"font-weight: 400;\">donde miramos el techo imaginando mientras de a poco nos vamos quedando dormidos.<\/span><\/p><p>\u00a0<\/p><p><i><span style=\"font-weight: 400;\">Me acompa\u00f1a a la noche, <\/span><\/i><span style=\"font-weight: 400;\">fue una propuesta para revisitar nuestras memorias personales y colectivas dentro de un espacio cargado de historia. Los recuerdos esa noche, hab\u00edan tomado la f\u00e1brica, e incluso, si agudiz\u00e1bamos nuestros o\u00eddos, pod\u00eda a\u00fan escucharse el ruido de los telares.<\/span><\/p><p>\u00a0<\/p><p><span style=\"font-weight: 400;\">Texto curatorial de la muestra, por Julia Oliva Torre<\/span><\/p><p>\u00a0<\/p><p><span style=\"font-weight: 400;\">\u201cApagaron las luces y las cosas quedaron inm\u00f3viles, paralizadas en una atm\u00f3sfera est\u00e1tica. <\/span><i><span style=\"font-weight: 400;\">Est\u00e1tica<\/span><\/i><span style=\"font-weight: 400;\"> se le puede llamar a la ausencia de movimiento como tambi\u00e9n a la acumulaci\u00f3n de carga el\u00e9ctrica. Chispazos de electricidad que se producen en la fricci\u00f3n de la materia, ah\u00ed en los lugares donde aun no llega nuestra visi\u00f3n. \u00bfQu\u00e9 se esconde entonces, en la quietud? \u00bfQu\u00e9 se esconde en la oscuridad?\u00a0<\/span><\/p><p><span style=\"font-weight: 400;\">Si ampliamos los ojos y extendemos las pesta\u00f1as hasta sentir que empujamos el aire y lo hacemos rebotar sobre ellas\u2026 Si nuestras orejas, espirales con las que escuchamos, se propagaran hasta filtrarse por recovecos rec\u00f3nditos y escucharan la m\u00fasica que tocan las part\u00edculas vibrantes del suelo\u2026 \u00bfQu\u00e9 encontrar\u00edamos ah\u00ed donde parec\u00eda no haber nada, nada m\u00e1s que un posible recuerdo?\u00a0<\/span><\/p><p><span style=\"font-weight: 400;\">Miramos hacia arriba, el cielo que nos cubre es siempre el mismo y es siempre otro. Identificar el momento exacto en que cambia de forma, se vuelve una tarea casi imposible; cuando nos quisimos dar cuenta, se transform\u00f3 de nuevo. Con nuestro archivo personal, pasa algo parecido. Las fotos, las postales, las cartas\u2026 aunque est\u00e9n ah\u00ed por a\u00f1os en la misma caja, algo sucede en un instante preciso en el cual elegimos poner la mirada <\/span><i><span style=\"font-weight: 400;\">ah\u00ed<\/span><\/i><span style=\"font-weight: 400;\">. Cada vez que las guardamos y al tiempo volvemos a ellas, las fotos son las mismas y tambi\u00e9n son otras. El polvo que se acumul\u00f3, engros\u00f3 el papel del que estaban hechas, alterando la superficie de una memoria.\u00a0<\/span><\/p><p><span style=\"font-weight: 400;\">As\u00ed, fragmentados y ensamblados, le\u00eddos u o\u00eddos, vistos o escuchados, los recuerdos se construyen como pilas de ladrillos que el viento puede derrumbar y cimentar con ellos otra cosa; al cabo del tiempo volver\u00e1 a desmoronarse. Cada relato es una r\u00e1faga que vuelve endeble lo que parec\u00eda inquebrantable.\u00a0<\/span><\/p><p><span style=\"font-weight: 400;\">Los l\u00edmites entre verdad y ficci\u00f3n son tan difusos como en ocasiones irre<\/span><span style=\"font-weight: 400;\">levantes<\/span><span style=\"font-weight: 400;\">, porque en cuanto nuestra existencia pueda ser construida a trav\u00e9s de realidades tanto como de ficciones, no s\u00f3lo el futuro puede ser imaginable, sino que nuestro pasado tambi\u00e9n.\u00a0<\/span><\/p><p><span style=\"font-weight: 400;\">Es en la confirmaci\u00f3n y conformaci\u00f3n de pasados imaginables, distorsionados, superpuestos, maleables y fantasiosos, que est\u00e1n las pistas para nuestros futuros.<\/span><\/p><p>\u00a0<\/p><p><i><span style=\"font-weight: 400;\">\u201cEstoy rondando la noche de tu casa,<\/span><\/i><\/p><p><i><span style=\"font-weight: 400;\">\u00a0las puertas de tu percepci\u00f3n\u201d,<\/span><\/i><\/p><p><span style=\"font-weight: 400;\">canta Rosario Bl\u00e9fari en su canci\u00f3n<\/span><i><span style=\"font-weight: 400;\"> Calles<\/span><\/i><span style=\"font-weight: 400;\">.\u00a0<\/span><\/p><p>\u00a0<\/p><p><span style=\"font-weight: 400;\">Quiz\u00e1 podr\u00edamos comenzar a prestar atenci\u00f3n a aquello que nos acompa\u00f1a en la oscuridad, que <\/span><i><span style=\"font-weight: 400;\">nos acompa\u00f1a a la noche<\/span><\/i><span style=\"font-weight: 400;\">, y escuchar entonces, qu\u00e9 nos susurra en las puertas de nuestra percepci\u00f3n\u201d.<\/span><\/p><p>\u00a0<\/p><p style=\"text-align: right;\"><span style=\"font-weight: 400;\">Todas las fotograf\u00edas fueron tomadas por Eliana Fern\u00e1ndez<\/span><\/p><p><span style=\"font-weight: 400;\">\u00a0<\/span><\/p><p><span style=\"font-weight: 400;\">\u00a0<\/span><\/p>\t\t\t\t\t\t<\/div>\n\t\t\t\t<\/div>\n\t\t\t\t\t<\/div>\n\t\t<\/div>\n\t\t\t\t\t\t\t<\/div>\n\t\t<\/section>\n\t\t\t\t<section class=\"elementor-section elementor-top-section elementor-element elementor-element-88d7d43 elementor-section-boxed elementor-section-height-default elementor-section-height-default\" data-id=\"88d7d43\" data-element_type=\"section\">\n\t\t\t\t\t\t<div class=\"elementor-container elementor-column-gap-default\">\n\t\t\t\t\t<div class=\"elementor-column elementor-col-50 elementor-top-column elementor-element elementor-element-526f239\" data-id=\"526f239\" data-element_type=\"column\">\n\t\t\t<div class=\"elementor-widget-wrap\">\n\t\t\t\t\t\t\t\t\t<\/div>\n\t\t<\/div>\n\t\t\t\t<div class=\"elementor-column elementor-col-50 elementor-top-column elementor-element elementor-element-8666fab\" data-id=\"8666fab\" data-element_type=\"column\">\n\t\t\t<div class=\"elementor-widget-wrap\">\n\t\t\t\t\t\t\t\t\t<\/div>\n\t\t<\/div>\n\t\t\t\t\t\t\t<\/div>\n\t\t<\/section>\n\t\t\t\t<section class=\"elementor-section elementor-top-section elementor-element elementor-element-e0280d1 elementor-section-boxed elementor-section-height-default elementor-section-height-default\" data-id=\"e0280d1\" data-element_type=\"section\">\n\t\t\t\t\t\t<div class=\"elementor-container elementor-column-gap-default\">\n\t\t\t\t\t<div class=\"elementor-column elementor-col-100 elementor-top-column elementor-element elementor-element-7126a4f\" data-id=\"7126a4f\" data-element_type=\"column\">\n\t\t\t<div class=\"elementor-widget-wrap\">\n\t\t\t\t\t\t\t\t\t<\/div>\n\t\t<\/div>\n\t\t\t\t\t\t\t<\/div>\n\t\t<\/section>\n\t\t\t\t<section class=\"elementor-section elementor-top-section elementor-element elementor-element-7d5446d elementor-section-boxed elementor-section-height-default elementor-section-height-default\" data-id=\"7d5446d\" data-element_type=\"section\">\n\t\t\t\t\t\t<div class=\"elementor-container elementor-column-gap-default\">\n\t\t\t\t\t<div class=\"elementor-column elementor-col-50 elementor-top-column elementor-element elementor-element-81bbc73\" data-id=\"81bbc73\" data-element_type=\"column\">\n\t\t\t<div class=\"elementor-widget-wrap\">\n\t\t\t\t\t\t\t\t\t<\/div>\n\t\t<\/div>\n\t\t\t\t<div class=\"elementor-column elementor-col-50 elementor-top-column elementor-element elementor-element-7f074f0\" data-id=\"7f074f0\" data-element_type=\"column\">\n\t\t\t<div class=\"elementor-widget-wrap elementor-element-populated\">\n\t\t\t\t\t\t\t\t<div class=\"elementor-element elementor-element-440f7b7 elementor-widget elementor-widget-heading\" data-id=\"440f7b7\" data-element_type=\"widget\" data-widget_type=\"heading.default\">\n\t\t\t\t<div class=\"elementor-widget-container\">\n\t\t\t<h2 class=\"elementor-heading-title elementor-size-default\">JULIA OLIVA TORRE<\/h2>\t\t<\/div>\n\t\t\t\t<\/div>\n\t\t\t\t\t<\/div>\n\t\t<\/div>\n\t\t\t\t\t\t\t<\/div>\n\t\t<\/section>\n\t\t\t\t<section class=\"elementor-section elementor-top-section elementor-element elementor-element-da131c9 elementor-section-boxed elementor-section-height-default elementor-section-height-default\" data-id=\"da131c9\" data-element_type=\"section\">\n\t\t\t\t\t\t<div class=\"elementor-container elementor-column-gap-default\">\n\t\t\t\t\t<div class=\"elementor-column elementor-col-50 elementor-top-column elementor-element elementor-element-67d404d\" data-id=\"67d404d\" data-element_type=\"column\">\n\t\t\t<div class=\"elementor-widget-wrap\">\n\t\t\t\t\t\t\t\t\t<\/div>\n\t\t<\/div>\n\t\t\t\t<div class=\"elementor-column elementor-col-50 elementor-top-column elementor-element elementor-element-4096d9f\" data-id=\"4096d9f\" data-element_type=\"column\">\n\t\t\t<div class=\"elementor-widget-wrap elementor-element-populated\">\n\t\t\t\t\t\t\t\t<div class=\"elementor-element elementor-element-09d6b05 elementor-widget elementor-widget-text-editor\" data-id=\"09d6b05\" data-element_type=\"widget\" data-widget_type=\"text-editor.default\">\n\t\t\t\t<div class=\"elementor-widget-container\">\n\t\t\t\t\t\t\t<p><span style=\"font-weight: 400;\">es estudiante de la Licenciatura en Artes Visuales con Orientaci\u00f3n en Grabado y Arte impreso de la Facultad de Artes de la UNLP. Es miembro del Club de la Pintura y del estudio de artes visuales \u201cEstudio Fortuna\u201d.<\/span><\/p>\t\t\t\t\t\t<\/div>\n\t\t\t\t<\/div>\n\t\t\t\t\t<\/div>\n\t\t<\/div>\n\t\t\t\t\t\t\t<\/div>\n\t\t<\/section>\n\t\t\t\t<section class=\"elementor-section elementor-top-section elementor-element elementor-element-9984c24 elementor-section-boxed elementor-section-height-default elementor-section-height-default\" data-id=\"9984c24\" data-element_type=\"section\">\n\t\t\t\t\t\t<div class=\"elementor-container elementor-column-gap-default\">\n\t\t\t\t\t<div class=\"elementor-column elementor-col-50 elementor-top-column elementor-element elementor-element-bb792b2\" data-id=\"bb792b2\" data-element_type=\"column\">\n\t\t\t<div class=\"elementor-widget-wrap\">\n\t\t\t\t\t\t\t\t\t<\/div>\n\t\t<\/div>\n\t\t\t\t<div class=\"elementor-column elementor-col-50 elementor-top-column elementor-element elementor-element-8b36835\" data-id=\"8b36835\" data-element_type=\"column\">\n\t\t\t<div class=\"elementor-widget-wrap elementor-element-populated\">\n\t\t\t\t\t\t\t\t<div class=\"elementor-element elementor-element-d94741d elementor-widget elementor-widget-html\" data-id=\"d94741d\" data-element_type=\"widget\" data-widget_type=\"html.default\">\n\t\t\t\t<div class=\"elementor-widget-container\">\n\t\t\t\n<div class=\"tagcloud\"><a href=\"https:\/\/revistaguay.fahce.unlp.edu.ar\/index.php\/tag\/septiembre-2025\/\" class=\"tag-cloud-link tag-link-60 tag-link-position-12\" style=\"font-size: 11pt;\" aria-label=\"septiembre-2025\"> septiembre 2025<\/a> \u00b7\n<div class=\"tagcloud\"><a href=\"https:\/\/revistaguay.fahce.unlp.edu.ar\/index.php\/tag\/fantasia-efimera\/\" class=\"tag-cloud-link tag-link-60 tag-link-position-12\" style=\"font-size: 11pt;\" aria-label=\"fantasia-efimera\">Fantas\u00eda Ef\u00edmera<\/a> \u00b7\n<div class=\"tagcloud\"><a href=\"https:\/\/revistaguay.fahce.unlp.edu.ar\/index.php\/tag\/julia-oliva-torre\/\" class=\"tag-cloud-link tag-link-60 tag-link-position-12\" style=\"font-size: 11pt;\" aria-label=\"julia-oliva-torre\">Julia Oliva Torre<\/a> \n<div class=\"tagcloud\"><a href=\"https:\/\/revistaguay.fahce.unlp.edu.ar\/index.php\/tag\/camila-pereyra\/\" class=\"tag-cloud-link tag-link-60 tag-link-position-12\" style=\"font-size: 11pt;\" aria-label=\"camila-pereyra\">Camila Pereyra<\/a> \n<div class=\"tagcloud\"><a href=\"https:\/\/revistaguay.fahce.unlp.edu.ar\/index.php\/tag\/irene-scotti-donnantuoni\/\" class=\"tag-cloud-link tag-link-60 tag-link-position-12\" style=\"font-size: 11pt;\" aria-label=\"irene-scotti-donnatuoni\">Irene Scotti Donnantuoni<\/a> \n<div class=\"tagcloud\"><a href=\"https:\/\/revistaguay.fahce.unlp.edu.ar\/index.php\/tag\/irene-scotti-donnantuoni\/\" class=\"tag-cloud-link tag-link-60 tag-link-position-12\" style=\"font-size: 11pt;\" aria-label=\"irene-scotti-donnatuoni\">Irene Scotti Donnantuoni<\/a> \n<div class=\"tagcloud\"><a href=\"https:\/\/revistaguay.fahce.unlp.edu.ar\/index.php\/tag\/renata-comesana\/\" class=\"tag-cloud-link tag-link-60 tag-link-position-12\" style=\"font-size: 11pt;\" aria-label=\"renata-comesana\">Renata Comesa\u00f1a<\/a>\n<div class=\"tagcloud\"><a href=\"https:\/\/revistaguay.fahce.unlp.edu.ar\/index.php\/tag\/eliana-fernandez\/\" class=\"tag-cloud-link tag-link-60 tag-link-position-12\" style=\"font-size: 11pt;\" aria-label=\"eliana-fernandez\">Eliana Fern\u00e1ndez<\/a>\n<div class=\"tagcloud\"><a href=\"https:\/\/revistaguay.fahce.unlp.edu.ar\/index.php\/tag\/agostina-cordoni\/\" class=\"tag-cloud-link tag-link-60 tag-link-position-12\" style=\"font-size: 11pt;\" aria-label=\"agostina-cordoni\">Agostina Cordomi<\/a> \n<div class=\"tagcloud\"><a href=\"https:\/\/revistaguay.fahce.unlp.edu.ar\/index.php\/tag\/carolina-donnatuoni\/\" class=\"tag-cloud-link tag-link-60 tag-link-position-12\" style=\"font-size: 11pt;\" aria-label=\"carolina-donnantuoni\">Carolina Donnantuoni<\/a> \n<div class=\"tagcloud\"><a href=\"https:\/\/revistaguay.fahce.unlp.edu.ar\/index.php\/tag\/who-is-juliet\/\" class=\"tag-cloud-link tag-link-60 tag-link-position-12\" style=\"font-size: 11pt;\" aria-label=\"who-is-juliet\">Who is Juliet<\/a> \n<div class=\"tagcloud\"><a href=\"https:\/\/revistaguay.fahce.unlp.edu.ar\/index.php\/tag\/wacho-ph\/\" class=\"tag-cloud-link tag-link-60 tag-link-position-12\" style=\"font-size: 11pt;\" aria-label=\"wacho-ph\">Wacho Ph <\/a> \n<div class=\"tagcloud\"><a href=\"https:\/\/revistaguay.fahce.unlp.edu.ar\/index.php\/tag\/lvcio\/\" class=\"tag-cloud-link tag-link-60 tag-link-position-12\" style=\"font-size: 11pt;\" aria-label=\"lvcio\">Lvcio <\/a> \n<div class=\"tagcloud\"><a href=\"https:\/\/revistaguay.fahce.unlp.edu.ar\/index.php\/tag\/rosario-bl\u00e9fari\/\" class=\"tag-cloud-link tag-link-60 tag-link-position-12\" style=\"font-size: 11pt;\" aria-label=\"rosario-blefari\">Rosario Bl\u00e9fari <\/a> \t\t<\/div>\n\t\t\t\t<\/div>\n\t\t\t\t\t<\/div>\n\t\t<\/div>\n\t\t\t\t\t\t\t<\/div>\n\t\t<\/section>\n\t\t\t\t<section class=\"elementor-section elementor-top-section elementor-element elementor-element-28ce2bf elementor-section-boxed elementor-section-height-default elementor-section-height-default\" data-id=\"28ce2bf\" data-element_type=\"section\">\n\t\t\t\t\t\t<div class=\"elementor-container elementor-column-gap-default\">\n\t\t\t\t\t<div class=\"elementor-column elementor-col-100 elementor-top-column elementor-element elementor-element-e032f38\" data-id=\"e032f38\" data-element_type=\"column\">\n\t\t\t<div class=\"elementor-widget-wrap elementor-element-populated\">\n\t\t\t\t\t\t\t\t<div class=\"elementor-element elementor-element-3613e5f elementor-widget elementor-widget-spacer\" data-id=\"3613e5f\" data-element_type=\"widget\" data-widget_type=\"spacer.default\">\n\t\t\t\t<div class=\"elementor-widget-container\">\n\t\t\t\t\t<div class=\"elementor-spacer\">\n\t\t\t<div class=\"elementor-spacer-inner\"><\/div>\n\t\t<\/div>\n\t\t\t\t<\/div>\n\t\t\t\t<\/div>\n\t\t\t\t\t<\/div>\n\t\t<\/div>\n\t\t\t\t\t\t\t<\/div>\n\t\t<\/section>\n\t\t\t\t<section class=\"elementor-section elementor-top-section elementor-element elementor-element-29de9d6 elementor-section-boxed elementor-section-height-default elementor-section-height-default\" data-id=\"29de9d6\" data-element_type=\"section\" data-settings=\"{&quot;background_background&quot;:&quot;classic&quot;}\">\n\t\t\t\t\t\t<div class=\"elementor-container elementor-column-gap-default\">\n\t\t\t\t\t<div class=\"elementor-column elementor-col-25 elementor-top-column elementor-element elementor-element-aa2c045\" data-id=\"aa2c045\" data-element_type=\"column\">\n\t\t\t<div class=\"elementor-widget-wrap elementor-element-populated\">\n\t\t\t\t\t\t\t\t<div class=\"elementor-element elementor-element-f5d14ce elementor-widget elementor-widget-image\" data-id=\"f5d14ce\" data-element_type=\"widget\" data-widget_type=\"image.default\">\n\t\t\t\t<div class=\"elementor-widget-container\">\n\t\t\t\t\t\t\t\t\t\t\t\t\t\t\t\t<a href=\"https:\/\/revistaguay.fahce.unlp.edu.ar\/index.php\/home-11\/\">\n\t\t\t\t\t\t\t<img decoding=\"async\" loading=\"lazy\" width=\"120\" height=\"61\" src=\"https:\/\/revistaguay.fahce.unlp.edu.ar\/wp-content\/uploads\/2019\/03\/guay-blanco3.png\" class=\"attachment-large size-large wp-image-221\" alt=\"\" \/>\t\t\t\t\t\t\t\t<\/a>\n\t\t\t\t\t\t\t\t\t\t\t\t\t\t\t<\/div>\n\t\t\t\t<\/div>\n\t\t\t\t\t<\/div>\n\t\t<\/div>\n\t\t\t\t<div class=\"elementor-column elementor-col-50 elementor-top-column elementor-element elementor-element-b2d8bfd\" data-id=\"b2d8bfd\" data-element_type=\"column\">\n\t\t\t<div class=\"elementor-widget-wrap elementor-element-populated\">\n\t\t\t\t\t\t\t\t<div class=\"elementor-element elementor-element-6edcac5 elementor-widget elementor-widget-heading\" data-id=\"6edcac5\" data-element_type=\"widget\" data-widget_type=\"heading.default\">\n\t\t\t\t<div class=\"elementor-widget-container\">\n\t\t\t<h2 class=\"elementor-heading-title elementor-size-default\"><span style=\"color: rgb(255, 255, 255); font-size: 18px; white-space: normal;\">ISSN:&nbsp;2953-4941<\/span><\/h2>\t\t<\/div>\n\t\t\t\t<\/div>\n\t\t\t\t<div class=\"elementor-element elementor-element-e80ba86 elementor-widget elementor-widget-text-editor\" data-id=\"e80ba86\" data-element_type=\"widget\" data-widget_type=\"text-editor.default\">\n\t\t\t\t<div class=\"elementor-widget-container\">\n\t\t\t\t\t\t\t<p><span style=\"color: #ffffff;\"><a style=\"letter-spacing: 0px; background-color: #000000; color: #ffffff;\" href=\"http:\/\/www.fahce.unlp.edu.ar\/\" target=\"_blank\" rel=\"noopener\">Facultad de Humanidades y Ciencias de la Educaci\u00f3n | Universidad Nacional de La Plata<\/a>\u00a0<\/span><br \/>Calle 51 e\/ 124 y 125 | (1925) Ensenada | Buenos Aires | Argentina<\/p>\t\t\t\t\t\t<\/div>\n\t\t\t\t<\/div>\n\t\t\t\t\t<\/div>\n\t\t<\/div>\n\t\t\t\t<div class=\"elementor-column elementor-col-25 elementor-top-column elementor-element elementor-element-6d1a81d\" data-id=\"6d1a81d\" data-element_type=\"column\">\n\t\t\t<div class=\"elementor-widget-wrap elementor-element-populated\">\n\t\t\t\t\t\t\t\t<div class=\"elementor-element elementor-element-224d234 elementor-shape-circle e-grid-align-mobile-center elementor-grid-0 e-grid-align-center elementor-widget elementor-widget-social-icons\" data-id=\"224d234\" data-element_type=\"widget\" data-widget_type=\"social-icons.default\">\n\t\t\t\t<div class=\"elementor-widget-container\">\n\t\t\t\t\t<div class=\"elementor-social-icons-wrapper elementor-grid\">\n\t\t\t\t\t\t\t<span class=\"elementor-grid-item\">\n\t\t\t\t\t<a class=\"elementor-icon elementor-social-icon elementor-social-icon-facebook elementor-animation-pulse-shrink elementor-repeater-item-2fdf362\" href=\"https:\/\/www.facebook.com\/RevistaGuay\" target=\"_blank\">\n\t\t\t\t\t\t<span class=\"elementor-screen-only\">Facebook<\/span>\n\t\t\t\t\t\t\t\t\t\t\t\t\t<i class=\"fa fa-facebook\"><\/i>\n\t\t\t\t\t\t\t\t\t\t\t<\/a>\n\t\t\t\t<\/span>\n\t\t\t\t\t\t\t<span class=\"elementor-grid-item\">\n\t\t\t\t\t<a class=\"elementor-icon elementor-social-icon elementor-social-icon-twitter elementor-animation-pulse-shrink elementor-repeater-item-3c0110f\" href=\"https:\/\/twitter.com\/RevistaGuay\" target=\"_blank\">\n\t\t\t\t\t\t<span class=\"elementor-screen-only\">Twitter<\/span>\n\t\t\t\t\t\t\t\t\t\t\t\t\t<i class=\"fa fa-twitter\"><\/i>\n\t\t\t\t\t\t\t\t\t\t\t<\/a>\n\t\t\t\t<\/span>\n\t\t\t\t\t\t\t<span class=\"elementor-grid-item\">\n\t\t\t\t\t<a class=\"elementor-icon elementor-social-icon elementor-social-icon-instagram elementor-animation-pulse-shrink elementor-repeater-item-07993e9\" href=\"https:\/\/www.instagram.com\/revista.guay\/\" target=\"_blank\">\n\t\t\t\t\t\t<span class=\"elementor-screen-only\">Instagram<\/span>\n\t\t\t\t\t\t\t\t\t\t\t\t\t<i class=\"fa fa-instagram\"><\/i>\n\t\t\t\t\t\t\t\t\t\t\t<\/a>\n\t\t\t\t<\/span>\n\t\t\t\t\t\t\t<span class=\"elementor-grid-item\">\n\t\t\t\t\t<a class=\"elementor-icon elementor-social-icon elementor-social-icon-envelope elementor-animation-pulse-shrink elementor-repeater-item-6f94034\" href=\"https:\/\/revistaguay.fahce.unlp.edu.ar\/index.php\/contacto\/\" target=\"_blank\">\n\t\t\t\t\t\t<span class=\"elementor-screen-only\">Envelope<\/span>\n\t\t\t\t\t\t\t\t\t\t\t\t\t<i class=\"fa fa-envelope\"><\/i>\n\t\t\t\t\t\t\t\t\t\t\t<\/a>\n\t\t\t\t<\/span>\n\t\t\t\t\t<\/div>\n\t\t\t\t<\/div>\n\t\t\t\t<\/div>\n\t\t\t\t\t<\/div>\n\t\t<\/div>\n\t\t\t\t\t\t\t<\/div>\n\t\t<\/section>\n\t\t\t\t\t\t\t<\/div>\n\t\t","protected":false},"excerpt":{"rendered":"<p>MUESTRA\/ARTES VISUALES JULIA OLIVA TORRE Me acompa\u00f1a a la noche (2025) de Colectivo Fantas\u00eda Ef\u00edmera El s\u00e1bado 23 de agosto sucedi\u00f3 Me acompa\u00f1a a la noche, una muestra realizada por el colectivo de escen\u00f3grafas y artistas visuales Fantas\u00eda Ef\u00edmera integrado por Camila Pereyra, Irene Scotti Donnantuoni y Renata Comesa\u00f1a. La muestra tuvo lugar en las &#8230; <a title=\"Me acompa\u00f1a a la noche (2025), Colectivo Fantas\u00eda Ef\u00edmera\" class=\"read-more\" href=\"https:\/\/revistaguay.fahce.unlp.edu.ar\/index.php\/2025\/09\/24\/me-acompana-a-la-noche-2025-colectivo-fantasia-efimera\/\">Leer m\u00e1s <span class=\"screen-reader-text\">Me acompa\u00f1a a la noche (2025), Colectivo Fantas\u00eda Ef\u00edmera<\/span><\/a><\/p>\n","protected":false},"author":1,"featured_media":0,"comment_status":"closed","ping_status":"open","sticky":false,"template":"elementor_canvas","format":"standard","meta":{"_mi_skip_tracking":false,"_exactmetrics_sitenote_active":false,"_exactmetrics_sitenote_note":"","_exactmetrics_sitenote_category":0,"footnotes":""},"categories":[938,123,1],"tags":[951,956,954,949,952,950,959,953,960,941,958,957],"_links":{"self":[{"href":"https:\/\/revistaguay.fahce.unlp.edu.ar\/index.php\/wp-json\/wp\/v2\/posts\/5941"}],"collection":[{"href":"https:\/\/revistaguay.fahce.unlp.edu.ar\/index.php\/wp-json\/wp\/v2\/posts"}],"about":[{"href":"https:\/\/revistaguay.fahce.unlp.edu.ar\/index.php\/wp-json\/wp\/v2\/types\/post"}],"author":[{"embeddable":true,"href":"https:\/\/revistaguay.fahce.unlp.edu.ar\/index.php\/wp-json\/wp\/v2\/users\/1"}],"replies":[{"embeddable":true,"href":"https:\/\/revistaguay.fahce.unlp.edu.ar\/index.php\/wp-json\/wp\/v2\/comments?post=5941"}],"version-history":[{"count":14,"href":"https:\/\/revistaguay.fahce.unlp.edu.ar\/index.php\/wp-json\/wp\/v2\/posts\/5941\/revisions"}],"predecessor-version":[{"id":5964,"href":"https:\/\/revistaguay.fahce.unlp.edu.ar\/index.php\/wp-json\/wp\/v2\/posts\/5941\/revisions\/5964"}],"wp:attachment":[{"href":"https:\/\/revistaguay.fahce.unlp.edu.ar\/index.php\/wp-json\/wp\/v2\/media?parent=5941"}],"wp:term":[{"taxonomy":"category","embeddable":true,"href":"https:\/\/revistaguay.fahce.unlp.edu.ar\/index.php\/wp-json\/wp\/v2\/categories?post=5941"},{"taxonomy":"post_tag","embeddable":true,"href":"https:\/\/revistaguay.fahce.unlp.edu.ar\/index.php\/wp-json\/wp\/v2\/tags?post=5941"}],"curies":[{"name":"wp","href":"https:\/\/api.w.org\/{rel}","templated":true}]}}