{"id":992,"date":"2019-06-01T19:53:42","date_gmt":"2019-06-01T22:53:42","guid":{"rendered":"http:\/\/revistaguay.fahce.unlp.edu.ar\/?p=992"},"modified":"2020-12-03T02:01:26","modified_gmt":"2020-12-03T05:01:26","slug":"el-cordobazo-organizado-de-elpidio-torres","status":"publish","type":"post","link":"https:\/\/revistaguay.fahce.unlp.edu.ar\/index.php\/2019\/06\/01\/el-cordobazo-organizado-de-elpidio-torres\/","title":{"rendered":"El Cordobazo organizado, de Elpidio Torres"},"content":{"rendered":"\t\t<div data-elementor-type=\"wp-post\" data-elementor-id=\"992\" class=\"elementor elementor-992\" data-elementor-post-type=\"post\">\n\t\t\t\t\t\t\t\t\t<section class=\"elementor-section elementor-top-section elementor-element elementor-element-4775fb4f elementor-section-boxed elementor-section-height-default elementor-section-height-default\" data-id=\"4775fb4f\" data-element_type=\"section\">\n\t\t\t\t\t\t<div class=\"elementor-container elementor-column-gap-default\">\n\t\t\t\t\t<div class=\"elementor-column elementor-col-100 elementor-top-column elementor-element elementor-element-1740c913\" data-id=\"1740c913\" data-element_type=\"column\">\n\t\t\t<div class=\"elementor-widget-wrap elementor-element-populated\">\n\t\t\t\t\t\t\t\t<div class=\"elementor-element elementor-element-1f6ebdb6 elementor-widget-divider--view-line elementor-widget elementor-widget-divider\" data-id=\"1f6ebdb6\" data-element_type=\"widget\" data-widget_type=\"divider.default\">\n\t\t\t\t<div class=\"elementor-widget-container\">\n\t\t\t\t\t<div class=\"elementor-divider\">\n\t\t\t<span class=\"elementor-divider-separator\">\n\t\t\t\t\t\t<\/span>\n\t\t<\/div>\n\t\t\t\t<\/div>\n\t\t\t\t<\/div>\n\t\t\t\t\t<\/div>\n\t\t<\/div>\n\t\t\t\t\t\t\t<\/div>\n\t\t<\/section>\n\t\t\t\t<section class=\"elementor-section elementor-top-section elementor-element elementor-element-1baec8f0 elementor-section-boxed elementor-section-height-default elementor-section-height-default\" data-id=\"1baec8f0\" data-element_type=\"section\">\n\t\t\t\t\t\t<div class=\"elementor-container elementor-column-gap-default\">\n\t\t\t\t\t<div class=\"elementor-column elementor-col-100 elementor-top-column elementor-element elementor-element-2462286\" data-id=\"2462286\" data-element_type=\"column\">\n\t\t\t<div class=\"elementor-widget-wrap elementor-element-populated\">\n\t\t\t\t\t\t\t\t<div class=\"elementor-element elementor-element-6ed7c22f elementor-widget elementor-widget-spacer\" data-id=\"6ed7c22f\" data-element_type=\"widget\" data-widget_type=\"spacer.default\">\n\t\t\t\t<div class=\"elementor-widget-container\">\n\t\t\t\t\t<div class=\"elementor-spacer\">\n\t\t\t<div class=\"elementor-spacer-inner\"><\/div>\n\t\t<\/div>\n\t\t\t\t<\/div>\n\t\t\t\t<\/div>\n\t\t\t\t\t<\/div>\n\t\t<\/div>\n\t\t\t\t\t\t\t<\/div>\n\t\t<\/section>\n\t\t\t\t<section class=\"elementor-section elementor-top-section elementor-element elementor-element-534e4950 elementor-section-boxed elementor-section-height-default elementor-section-height-default\" data-id=\"534e4950\" data-element_type=\"section\">\n\t\t\t\t\t\t<div class=\"elementor-container elementor-column-gap-default\">\n\t\t\t\t\t<div class=\"elementor-column elementor-col-33 elementor-top-column elementor-element elementor-element-42b3906b\" data-id=\"42b3906b\" data-element_type=\"column\">\n\t\t\t<div class=\"elementor-widget-wrap elementor-element-populated\">\n\t\t\t\t\t\t\t\t<div class=\"elementor-element elementor-element-14f65cfb elementor-widget elementor-widget-html\" data-id=\"14f65cfb\" data-element_type=\"widget\" data-widget_type=\"html.default\">\n\t\t\t\t<div class=\"elementor-widget-container\">\n\t\t\t<a class=img style=\"display:scroll;\nposition:fixed; bottom:00 px; right:1400px;\" href='https:\/\/revistaguay.fahce.unlp.edu.ar\/index.php\/home-11'><img src='https:\/\/revistaguay.fahce.unlp.edu.ar\/wp-content\/uploads\/2019\/04\/flecha.png' border=\"0\"\/><\/a>\n\t\t<\/div>\n\t\t\t\t<\/div>\n\t\t\t\t\t<\/div>\n\t\t<\/div>\n\t\t\t\t<div class=\"elementor-column elementor-col-33 elementor-top-column elementor-element elementor-element-30dee53f\" data-id=\"30dee53f\" data-element_type=\"column\">\n\t\t\t<div class=\"elementor-widget-wrap elementor-element-populated\">\n\t\t\t\t\t\t\t\t<div class=\"elementor-element elementor-element-3cd60251 elementor-widget elementor-widget-heading\" data-id=\"3cd60251\" data-element_type=\"widget\" data-widget_type=\"heading.default\">\n\t\t\t\t<div class=\"elementor-widget-container\">\n\t\t\t<h2 class=\"elementor-heading-title elementor-size-default\"><span style=\"color: #b31e1f;\">MEMORIAS<p>\n<span style=\"color: #000000;\">JUAN IGNACIO GARRIDO<\/span><span style=\"color: rgb(110, 193, 228); font-style: inherit; letter-spacing: 4.2px;\"><\/span><\/p><\/span><br><\/h2>\t\t<\/div>\n\t\t\t\t<\/div>\n\t\t\t\t<div class=\"elementor-element elementor-element-35ec77a2 elementor-widget elementor-widget-heading\" data-id=\"35ec77a2\" data-element_type=\"widget\" data-widget_type=\"heading.default\">\n\t\t\t\t<div class=\"elementor-widget-container\">\n\t\t\t<h2 class=\"elementor-heading-title elementor-size-default\">El Cordobazo organizado. <br>La historia sin mitos  <font size=\"6\">(1999)<\/font><br>\n<span style=\"color: #999999;\">de Elpidio Torres<\/span><\/h2>\t\t<\/div>\n\t\t\t\t<\/div>\n\t\t\t\t\t<\/div>\n\t\t<\/div>\n\t\t\t\t<div class=\"elementor-column elementor-col-33 elementor-top-column elementor-element elementor-element-6e0cea54\" data-id=\"6e0cea54\" data-element_type=\"column\">\n\t\t\t<div class=\"elementor-widget-wrap elementor-element-populated\">\n\t\t\t\t\t\t\t\t<div class=\"elementor-element elementor-element-52a0743b elementor-widget elementor-widget-image\" data-id=\"52a0743b\" data-element_type=\"widget\" data-widget_type=\"image.default\">\n\t\t\t\t<div class=\"elementor-widget-container\">\n\t\t\t\t\t\t\t\t\t\t\t\t\t\t\t<img decoding=\"async\" src=\"https:\/\/revistaguay.fahce.unlp.edu.ar\/wp-content\/uploads\/2019\/06\/torres-el_cordobazo.jpg\" title=\"\" alt=\"\" loading=\"lazy\" \/>\t\t\t\t\t\t\t\t\t\t\t\t\t\t\t<\/div>\n\t\t\t\t<\/div>\n\t\t\t\t\t<\/div>\n\t\t<\/div>\n\t\t\t\t\t\t\t<\/div>\n\t\t<\/section>\n\t\t\t\t<section class=\"elementor-section elementor-top-section elementor-element elementor-element-17c9e0e7 elementor-section-boxed elementor-section-height-default elementor-section-height-default\" data-id=\"17c9e0e7\" data-element_type=\"section\" data-settings=\"{&quot;background_background&quot;:&quot;classic&quot;}\">\n\t\t\t\t\t\t<div class=\"elementor-container elementor-column-gap-default\">\n\t\t\t\t\t<div class=\"elementor-column elementor-col-50 elementor-top-column elementor-element elementor-element-42beec3b\" data-id=\"42beec3b\" data-element_type=\"column\">\n\t\t\t<div class=\"elementor-widget-wrap\">\n\t\t\t\t\t\t\t\t\t<\/div>\n\t\t<\/div>\n\t\t\t\t<div class=\"elementor-column elementor-col-50 elementor-top-column elementor-element elementor-element-6ee02f34\" data-id=\"6ee02f34\" data-element_type=\"column\">\n\t\t\t<div class=\"elementor-widget-wrap\">\n\t\t\t\t\t\t\t\t\t<\/div>\n\t\t<\/div>\n\t\t\t\t\t\t\t<\/div>\n\t\t<\/section>\n\t\t\t\t<section class=\"elementor-section elementor-top-section elementor-element elementor-element-2ce00b0c elementor-section-boxed elementor-section-height-default elementor-section-height-default\" data-id=\"2ce00b0c\" data-element_type=\"section\">\n\t\t\t\t\t\t<div class=\"elementor-container elementor-column-gap-default\">\n\t\t\t\t\t<div class=\"elementor-column elementor-col-50 elementor-top-column elementor-element elementor-element-577f8ed9\" data-id=\"577f8ed9\" data-element_type=\"column\">\n\t\t\t<div class=\"elementor-widget-wrap\">\n\t\t\t\t\t\t\t\t\t<\/div>\n\t\t<\/div>\n\t\t\t\t<div class=\"elementor-column elementor-col-50 elementor-top-column elementor-element elementor-element-84f0236\" data-id=\"84f0236\" data-element_type=\"column\">\n\t\t\t<div class=\"elementor-widget-wrap elementor-element-populated\">\n\t\t\t\t\t\t\t\t<div class=\"elementor-element elementor-element-bc12f65 elementor-widget elementor-widget-text-editor\" data-id=\"bc12f65\" data-element_type=\"widget\" data-widget_type=\"text-editor.default\">\n\t\t\t\t<div class=\"elementor-widget-container\">\n\t\t\t\t\t\t\t<p>\u00a0<\/p><p>\u00a0\u00a0\u00a0\u00a0 En un spot para Fernando de la R\u00faa. en 1999, se pone en escena a una ni\u00f1a con guardapolvo blanco. La c\u00e1mara se le acerca y responde a las preguntas de su maestra: \u00bfpor qu\u00e9 el pueblo es pobre? \u201cY&#8230; por los corruptos\u201d \u00bfY qu\u00e9 son los corruptos? \u201cSon los que le roban la plata a la gente\u201d. Entonces, \u00bfqu\u00e9 necesita la Argentina? \u201cY\u2026 un presidente que no sea corrupto\u201d. Cierra: el sello de la Alianza sobre fondo blanco. Esa campa\u00f1a ten\u00eda como objetivo la victoria que De la R\u00faa obtuvo en octubre, pero, ante todo, la necesidad de que se produjera sobre el montaje de una moral progresista que sepultara definitivamente al peronismo. Unos meses antes, en mayo del \u00b499, un viejo dirigente sindical, a contramarcha de esa condena sobre la historia, presentaba su libro: <i>El Cordobazo organizado.<\/i> Se cumpl\u00edan 30 a\u00f1os de aquella gesta popular de la que Elpidio Torres hab\u00eda sido principal protagonista y de la que el peronismo era una de sus claves interpretativas. Ninguna de las dos cosas hab\u00eda sido realmente reconocida.<\/p><p>\u00a0\u00a0\u00a0\u00a0 El libro est\u00e1 dedicado \u201c<i>a todos los Trabajadores Mec\u00e1nicos<\/i>, con los cuales escribimos la historia del Cordobazo\u201d. A Torres, secretario general del SMATA entre 1958 a 1970, le interesa dirigirlo a los trabajadores de una industria que se desguaza d\u00eda a d\u00eda en los noventa, pero en el mismo giro le importa identificar, desde el comienzo, qui\u00e9nes son los que escriben la historia. Disputar la escritura como territorio obrero, no solo a trav\u00e9s de la acci\u00f3n pol\u00edtica colectiva, sino tambi\u00e9n con un libro, labor que no parec\u00eda contarse entre las tareas naturales a las que deb\u00eda signarse la \u201cterrible burocracia sindical argentina\u201d.<\/p><p>\u00a0\u00a0\u00a0\u00a0 Un gesto plebeyo y altanero que podemos inscribir en la tradici\u00f3n fundamental que cuenta con el dirigente sindicalista de la industria de la carne, Cipriano Reyes y su libro <i>Yo hice el 17 de octubre<\/i>. Este como aquel se escriben muchos a\u00f1os despu\u00e9s de consumados los hechos que relatan, bajo la necesidad de realizar un homenaje y un desagravio. El de Reyes es un desagravio frente al jefe, al lugar que Per\u00f3n les asignara a los que organizaron el acontecimiento que logr\u00f3 reunir una multitud en Plaza de Mayo. El de Torres es tambi\u00e9n un desagravio, similar, aunque por distintos motivos: \u201cme decid\u00ed a escribir\u2026 por estar cansado de leer \u00abpatra\u00f1as\u00bb de aquellos que jam\u00e1s se despojaron de su orientaci\u00f3n pol\u00edtica\u201d. En los noventa (y quiz\u00e1s a\u00fan hoy), la memoria sobre el Cordobazo estuvo hegemonizada por algunas tendencias de izquierda y reconstrucciones acad\u00e9micas (preocupadas por contar con su propio Mayo franc\u00e9s) centradas en la figura de Tosco y en la unidad obrero-estudiantil como \u00fanica matriz explicativa. Y lo que Torres anota es que se hab\u00eda dicho muy poco \u201cdel decisivo accionar de los trabajadores y particularmente del SMATA C\u00f3rdoba\u201d. Desagravio, ante todo, de un sindicato. Y homenaje a M\u00e1ximo Mena, metal\u00fargico, afiliado a SMATA, estudiante, \u201cel primer m\u00e1rtir del Cordobazo\u201d. Una insistencia de la memoria sindical, vinculada con la lucha, pero tambi\u00e9n con el trabajo: a los que pusieron el cuerpo.<\/p><p>\u00a0\u00a0\u00a0\u00a0 Reyes desde los frigor\u00edficos de Berisso. 1945. Torres desde las plantas automotrices de Santa Isabel. 1969. La relaci\u00f3n entre estas fechas es central en el libro, en gran medida por su propio recorrido biogr\u00e1fico. Torres recuerda que, con diecis\u00e9is a\u00f1os y siendo empleado de una pensi\u00f3n, decide participar en la r\u00e9plica cordobesa del 17 de Octubre, un d\u00eda despu\u00e9s, en la movilizaci\u00f3n comandada por el brigadier San Mart\u00edn, junto a los trabajadores de la F\u00e1brica Militar de Aviones. Participa y pierde su trabajo. Una marca de iniciaci\u00f3n, de toda una generaci\u00f3n.<\/p><p>\u00a0\u00a0\u00a0\u00a0 Su reconstrucci\u00f3n del golpe del \u00b455 es otra clave del libro y desagravia su segunda identidad, la provincial. Me causa gracia, dice, que se hable de la \u201cC\u00f3rdoba heroica\u201d, cuando lo que decide el triunfo de los rebeldes es la traici\u00f3n que sufre Per\u00f3n por la Junta de los generales y la amenaza del almirante Rojas de bombardear Buenos Aires. Torres cuenta que el 16 de septiembre llega a Alta Gracia \u2013donde viv\u00eda\u2013 el general Morello, al mando de las tropas leales que hab\u00edan logrado salir de la ciudad de C\u00f3rdoba. Se instala en la jefatura de la polic\u00eda y el edificio es ametrallado por aviones rebeldes. Morello dispone trasladarse, a campo traviesa, hasta la localidad de Anisacate, donde instala un campamento dif\u00edcil hoy de imaginar. All\u00ed Torres participa en una reuni\u00f3n junto a un grupo de generales, en la que se planifica la recuperaci\u00f3n de la ciudad de C\u00f3rdoba. \u00c9sta finalmente no se desarrolla, pero la escena se borra por completo de nuestras cr\u00f3nicas. Consumado el golpe, Torres ser\u00eda encarcelado durante seis meses. De aquellas jornadas quedar\u00e1n las marcas de la persecuci\u00f3n y un aprendizaje intenso de ese joven entre generales. Despu\u00e9s de todo, hay una relaci\u00f3n de familia: me refiero a las formas org\u00e1nicas, entre los generales de un Ej\u00e9rcito y los secretarios generales de un sindicato. Un periodista del Cordobazo llamaba la atenci\u00f3n sobre la formaci\u00f3n en escuadra de las columnas del SMATA. Los obreros marchando le hicieron recordar a los viejos regimientos de soldados cuando se dirigen a un enfrentamiento. No otra cosa estaba sucediendo. Los trabajadores sal\u00edan a cobrarse los golpes recibidos durante a\u00f1os por la represi\u00f3n del Estado.<\/p><p>\u00a0\u00a0\u00a0\u00a0 Al poco tiempo de ser liberado, Torres ingresa a Industrias Kaisser Argentina (IKA) y lo destinan a limpiar zanjas de desag\u00fce. No le gusta nada y al rato pasa a la l\u00ednea de montaje como operario. Torres, que hab\u00eda sido aprendiz de jardinero, vendedor de diarios, lustrador de zapatos, obrero de la construcci\u00f3n y pe\u00f3n de campo, se detiene una y otra vez sobre el trabajo -lo que produce un calvario, lo que dignifica-, sabe que all\u00ed se explica algo de la fuerza y el car\u00e1cter de su acci\u00f3n pol\u00edtica. Su primera actividad sindical se inicia por un hecho tr\u00e1gico: \u201cun grave incidente en la planta de prensas, produce la muerte del compa\u00f1ero Rub\u00e9n Pereyra. Propici\u00e9 el abandono del sector para concentrarnos al frente de las oficinas de la gerencia\u2026 Luego se dispone realizar una caravana hasta el domicilio del compa\u00f1ero fallecido, en Pueblo G\u00fcemes. La caravana estaba compuesta por cientos de motocicletas. Fue realmente triste y emocionante abrazarse con los Padres\u201d. El vicepresidente de Bolivia, Garc\u00eda Linera, nos dice que durante el siglo XX, lo \u00fanico permanente en las luchas desplegadas fue el sindicato: \u201cmientras los peque\u00f1os partidos y los caudillos se disuelven ante las primeras balaceras, el sindicato est\u00e1 ah\u00ed para proteger a las familias, para hacer conocer lo que pasa en otros campamentos, para enterrar a los muertos\u201d. La frase sintetiza de alg\u00fan modo nuestra resistencia peronista. El propio Torres describe la <i>blandura <\/i>de los dirigentes partidarios que \u201cse mandaron a los \u00abcuarteles de invierno\u00bb y no asomaron la cabeza para enfrentar a Ongan\u00eda\u201d.<\/p><p>\u00a0\u00a0\u00a0\u00a0 En las pocas semblanzas escritas sobre Torres, como la de Luis Bruschtein en <i>P\u00e1gina\/12<\/i> en ocasi\u00f3n de su muerte, se lo sigue caracterizando como representante del sector no combativo del sindicalismo argentino. Y lo de Bruschtein no es una excepci\u00f3n, sino la regla. De un modo u otro, se ha desdibujado la figura Torres, lo que demuestra un desconocimiento de la clase obrera argentina, su experiencia acumulada, los tiempos y las formas de sus luchas. \u00bfD\u00f3nde y c\u00f3mo se expresa la vanguardia de la vida subalterna? Una dificultad nos habita al identificar d\u00f3nde se libran los combates decisivos de la vida colectiva y qui\u00e9nes garantizan las fuerzas que los desatan.<\/p><p>\u00a0\u00a0\u00a0\u00a0 Torres repasa su ascenso sindical hasta erigirse en secretario general; su contribuci\u00f3n como miembro de las 62 Organizaciones \u2013no dejar\u00e1 pasar su amistad con Vandor, que le vali\u00f3 el apodo de \u201cLobito\u201d\u2013; tambi\u00e9n, contar\u00e1 su participaci\u00f3n en la delegaci\u00f3n que se entrevist\u00f3 con Per\u00f3n en el \u00b464 para coordinar la \u201cOperaci\u00f3n Retorno\u201d. Sin embargo, siempre restablece su propio terreno, el sindical, como escenario principal. Durante la proscripci\u00f3n del peronismo, los sindicatos, nos dice Torres, \u201cocuparon el espacio que la democracia representativa hab\u00eda dejado\u201d. Una clave m\u00e1s para pensar mayo del 69, no solo como la exigencia de la recuperaci\u00f3n democr\u00e1tica, sino tambi\u00e9n y en s\u00ed mismo como la acumulaci\u00f3n de una pr\u00e1ctica, como la expresi\u00f3n radical de una democracia obrera.<\/p><p>\u00a0\u00a0\u00a0\u00a0 El Cordobazo tiene en la genealog\u00eda de Torres una explicaci\u00f3n imprescindible que se completa con Atilio L\u00f3pez de UTA y Tosco de Luz y Fuerza. Los protagonistas de la unidad en la acci\u00f3n de la CGT de los Argentinos y la CGT Azopardo. Estos tres dirigentes garantizaron la masividad del hecho al decretar un paro de 36 horas con abandono de tareas. M\u00f3nica Gordillo, una de las intelectuales m\u00e1s renombradas en la materia, ha subrayado siempre el car\u00e1cter \u201curbano\u201d y \u201cespont\u00e1neo\u201d de la rebeli\u00f3n. Torres discute esta interpretaci\u00f3n, insistir\u00e1 una y otra vez que \u201cnada estaba librado al azar\u201d. Las muchedumbres no bajan solas. El relato sobre el recorrido de las columnas obreras durante el 29 de mayo es lo m\u00e1s valioso del libro. Recuerda a \u201cEmoci\u00f3n para ayudar a comprender\u201d de Scalabrini Ortiz y, de nuevo, 1945. Pero ante todo, permite reconocer la composici\u00f3n social de la ciudad y la pluralidad de sindicatos organizados que participan. La principal columna es encabezada por SMATA que baja desde la zona sur. Lo dice Torres, pero tambi\u00e9n Garz\u00f3n Maceda insiste en ello: \u201call\u00ed estaba reunida la infanter\u00eda del Cordobazo\u201d.<\/p><p>\u00a0\u00a0\u00a0\u00a0 El libro atesora documentos, fotos, archivos, cartas. All\u00ed Torres comparte su correspondencia con Per\u00f3n. En especial, una carta que el general le dirige a los compa\u00f1eros del SMATA, con Torres preso y aislado en el penal de Neuqu\u00e9n, mientras Tosco estaba encarcelado en Rawson. \u201cAfortunadamente \u2013escribe Per\u00f3n desde Madrid a fines del \u00b469\u2013 \u00a0el interior est\u00e1 demostrando en C\u00f3rdoba, Rosario, Tucum\u00e1n que no todo est\u00e1 podrido en Dinamarca\u201d. Y resalta que lo sucedido es \u201cuna demostraci\u00f3n del estado revolucionario del Pueblo, pese a la defecci\u00f3n de la Ciudad Puerto que, en esta oportunidad no ha estado a la altura del 17 de octubre de 1945.\u201d La resistencia peronista encuentra su punto m\u00e1s \u00e1lgido en C\u00f3rdoba, desde all\u00ed se inicia el derrumbe del domin\u00f3 que determinar\u00e1 la ca\u00edda de Ongan\u00eda. La revoluci\u00f3n, le dice Per\u00f3n a Torres en otra carta, se est\u00e1 produciendo <i>desde la periferia al centro<\/i>. C\u00f3rdoba est\u00e1 a la altura de 1945. Pero 1969 no es 1945. No es la misma estructura econ\u00f3mica, ni la misma experiencia social acumulada, como tampoco son las mismas fuerzas las que se desatan. \u00a0\u00a0<\/p><p>\u00a0\u00a0\u00a0\u00a0 29 de mayo de 1970. El primer aniversario es crucial para el campo popular argentino. Hay dos postales que sintetizan un conflicto pol\u00edtico abierto sobre dos interpretaciones del Cordobazo. Ese d\u00eda el pa\u00eds amanece con la noticia del secuestro de Aramburu y Montoneros saca su primer comunicado, en el que anuncian que ser\u00e1 sometido a Juicio Revolucionario. La conducci\u00f3n de Montoneros reivindica expl\u00edcitamente el 29 de mayo, y abre la interpretaci\u00f3n del Cordobazo como el comienzo de una etapa de violencia revolucionaria. La otra postal es la fotograf\u00eda que ilustra la tapa del libro de Torres: el acto que conmemora el primer aniversario en C\u00f3rdoba. Hablando a viva voz, Torres est\u00e1 en el centro del escenario montado sobre la calle, rodeado por dirigentes de las distintas corrientes sindicales: est\u00e1n Tosco y L\u00f3pez, los independientes y tambi\u00e9n los ortodoxos, taxistas y madereros, entre otros. En el margen superior derecho, aparece una bandera con la imagen del Che, que no est\u00e1 en las fotos del propio Cordobazo. Pero ni los discursos ni la din\u00e1mica pol\u00edtica guardan relaci\u00f3n alguna con el operativo que se desarrolla en Timote. A\u00fan m\u00e1s, se presiente un desencuentro. Esta divergencia en el aniversario anuncia una dificultad pol\u00edtica mayor. \u00bfAnuncia la plaza del 1 de mayo del \u201874? Torres tiene presente aquella tensi\u00f3n y propone su s\u00edntesis: \u201cel Cordobazo nos ayud\u00f3 a comprender que no hay democracia sin libertad, que no hay orden pol\u00edtico sobre la exclusi\u00f3n de la soberan\u00eda popular\u201d. Garz\u00f3n Maceda comparte la idea y agrega que all\u00ed se produjo un error dram\u00e1tico de lectura: \u201cel de considerar que el Cordobazo, en s\u00ed, consagraba el comienzo de una nueva era de violencias de parte de la clase obrera, cuando en realidad era la culminaci\u00f3n de un proceso pol\u00edtico social de reforma democr\u00e1tica conducida por los sindicatos\u201d. Nicol\u00e1s Casullo, desde su exilio mexicano, escribir\u00e1 un ensayo esencial sobre el tema: \u201cPeronismo revolucionario y sindicalismo peronista\u201d. Su hip\u00f3tesis es que la izquierda peronista desarroll\u00f3 una cr\u00edtica a la burocracia sindical (por desapego de las bases\u2026 aunque habr\u00eda que analizar d\u00f3nde estaban las bases en 1970), que se agudiz\u00f3 tanto que llev\u00f3 a un divorcio, un extra\u00f1amiento \u2013tamiza\u2013 entre sus propuestas y aquella estructura (y consistencia) obrera. Casullo encuentra en la obra de Cooke la posibilidad de explicar las contradicciones al interior del bloque de las fuerzas populares, instancias que se deben ensamblar en toda estrategia que pretenda el cambio social. Completamos: toda estrategia de cambio social debe comprender que biograf\u00edas \u2013como la de Torres\u2013 son expresi\u00f3n de la vida popular argentina en su mayor complejidad y espesura, representantes de quienes ponen el cuerpo y combaten.<\/p>\t\t\t\t\t\t<\/div>\n\t\t\t\t<\/div>\n\t\t\t\t\t<\/div>\n\t\t<\/div>\n\t\t\t\t\t\t\t<\/div>\n\t\t<\/section>\n\t\t\t\t<section class=\"elementor-section elementor-top-section elementor-element elementor-element-5647fe3f elementor-section-boxed elementor-section-height-default elementor-section-height-default\" data-id=\"5647fe3f\" data-element_type=\"section\">\n\t\t\t\t\t\t<div class=\"elementor-container elementor-column-gap-default\">\n\t\t\t\t\t<div class=\"elementor-column elementor-col-100 elementor-top-column elementor-element elementor-element-1fc24950\" data-id=\"1fc24950\" data-element_type=\"column\">\n\t\t\t<div class=\"elementor-widget-wrap elementor-element-populated\">\n\t\t\t\t\t\t\t\t<div class=\"elementor-element elementor-element-54163f3f elementor-widget elementor-widget-spacer\" data-id=\"54163f3f\" data-element_type=\"widget\" data-widget_type=\"spacer.default\">\n\t\t\t\t<div class=\"elementor-widget-container\">\n\t\t\t\t\t<div class=\"elementor-spacer\">\n\t\t\t<div class=\"elementor-spacer-inner\"><\/div>\n\t\t<\/div>\n\t\t\t\t<\/div>\n\t\t\t\t<\/div>\n\t\t\t\t\t<\/div>\n\t\t<\/div>\n\t\t\t\t\t\t\t<\/div>\n\t\t<\/section>\n\t\t\t\t<section class=\"elementor-section elementor-top-section elementor-element elementor-element-27699788 elementor-section-boxed elementor-section-height-default elementor-section-height-default\" data-id=\"27699788\" data-element_type=\"section\">\n\t\t\t\t\t\t<div class=\"elementor-container elementor-column-gap-default\">\n\t\t\t\t\t<div class=\"elementor-column elementor-col-50 elementor-top-column elementor-element elementor-element-5b1c0686\" data-id=\"5b1c0686\" data-element_type=\"column\">\n\t\t\t<div class=\"elementor-widget-wrap\">\n\t\t\t\t\t\t\t\t\t<\/div>\n\t\t<\/div>\n\t\t\t\t<div class=\"elementor-column elementor-col-50 elementor-top-column elementor-element elementor-element-5c711e1f\" data-id=\"5c711e1f\" data-element_type=\"column\">\n\t\t\t<div class=\"elementor-widget-wrap elementor-element-populated\">\n\t\t\t\t\t\t\t\t<div class=\"elementor-element elementor-element-5d3ebb2f elementor-widget elementor-widget-heading\" data-id=\"5d3ebb2f\" data-element_type=\"widget\" data-widget_type=\"heading.default\">\n\t\t\t\t<div class=\"elementor-widget-container\">\n\t\t\t<h2 class=\"elementor-heading-title elementor-size-default\">JUAN IGNACIO GARRIDO\n\n\n\n<\/h2>\t\t<\/div>\n\t\t\t\t<\/div>\n\t\t\t\t\t<\/div>\n\t\t<\/div>\n\t\t\t\t\t\t\t<\/div>\n\t\t<\/section>\n\t\t\t\t<section class=\"elementor-section elementor-top-section elementor-element elementor-element-4dc066d1 elementor-section-boxed elementor-section-height-default elementor-section-height-default\" data-id=\"4dc066d1\" data-element_type=\"section\">\n\t\t\t\t\t\t<div class=\"elementor-container elementor-column-gap-default\">\n\t\t\t\t\t<div class=\"elementor-column elementor-col-50 elementor-top-column elementor-element elementor-element-2e51a91b\" data-id=\"2e51a91b\" data-element_type=\"column\">\n\t\t\t<div class=\"elementor-widget-wrap\">\n\t\t\t\t\t\t\t\t\t<\/div>\n\t\t<\/div>\n\t\t\t\t<div class=\"elementor-column elementor-col-50 elementor-top-column elementor-element elementor-element-4965dfd5\" data-id=\"4965dfd5\" data-element_type=\"column\">\n\t\t\t<div class=\"elementor-widget-wrap elementor-element-populated\">\n\t\t\t\t\t\t\t\t<div class=\"elementor-element elementor-element-7e8c7aba elementor-widget elementor-widget-text-editor\" data-id=\"7e8c7aba\" data-element_type=\"widget\" data-widget_type=\"text-editor.default\">\n\t\t\t\t<div class=\"elementor-widget-container\">\n\t\t\t\t\t\t\t<p>Es licenciado en Filosof\u00eda. Profesor de la Universidad Nacional de Villa Mar\u00eda y de la Universidad Provincial de C\u00f3rdoba. Coordina la formaci\u00f3n pol\u00edtica sindical de la UEPC (Uni\u00f3n de Educadores de la Provincia de C\u00f3rdoba).<\/p>\t\t\t\t\t\t<\/div>\n\t\t\t\t<\/div>\n\t\t\t\t\t<\/div>\n\t\t<\/div>\n\t\t\t\t\t\t\t<\/div>\n\t\t<\/section>\n\t\t\t\t<section class=\"elementor-section elementor-top-section elementor-element elementor-element-2c8aa415 elementor-section-boxed elementor-section-height-default elementor-section-height-default\" data-id=\"2c8aa415\" data-element_type=\"section\">\n\t\t\t\t\t\t<div class=\"elementor-container elementor-column-gap-default\">\n\t\t\t\t\t<div class=\"elementor-column elementor-col-50 elementor-top-column elementor-element elementor-element-15cd43ce\" data-id=\"15cd43ce\" data-element_type=\"column\">\n\t\t\t<div class=\"elementor-widget-wrap\">\n\t\t\t\t\t\t\t\t\t<\/div>\n\t\t<\/div>\n\t\t\t\t<div class=\"elementor-column elementor-col-50 elementor-top-column elementor-element elementor-element-18136654\" data-id=\"18136654\" data-element_type=\"column\">\n\t\t\t<div class=\"elementor-widget-wrap elementor-element-populated\">\n\t\t\t\t\t\t\t\t<div class=\"elementor-element elementor-element-10dbdb25 elementor-widget-divider--view-line elementor-widget elementor-widget-divider\" data-id=\"10dbdb25\" data-element_type=\"widget\" data-widget_type=\"divider.default\">\n\t\t\t\t<div class=\"elementor-widget-container\">\n\t\t\t\t\t<div class=\"elementor-divider\">\n\t\t\t<span class=\"elementor-divider-separator\">\n\t\t\t\t\t\t<\/span>\n\t\t<\/div>\n\t\t\t\t<\/div>\n\t\t\t\t<\/div>\n\t\t\t\t<div class=\"elementor-element elementor-element-3c982900 elementor-widget elementor-widget-html\" data-id=\"3c982900\" data-element_type=\"widget\" data-widget_type=\"html.default\">\n\t\t\t\t<div class=\"elementor-widget-container\">\n\t\t\t<span class=\"tags-links\"><span\n<div class=\"tagcloud\"><a href=\"https:\/\/revistaguay.fahce.unlp.edu.ar\/index.php\/tag\/junio-2019\/\" class=\"tag-cloud-link tag-link-60 tag-link-position-12\" style=\"font-size: 11pt;\" aria-label=\"Junio 2019 (1 elemento)\">Junio 2019<\/a> \u00b7\n<a href=\"https:\/\/revistaguay.fahce.unlp.edu.ar\/index.php\/tag\/elpidio-torres\/\" class=\"tag-cloud-link tag-link-49 tag-link-position-1\" style=\"font-size: 11pt;\" aria-label=\"Elpidio Torres (1 elemento)\">Elpidio Torres<\/a> \u00b7\n<a href=\"https:\/\/revistaguay.fahce.unlp.edu.ar\/index.php\/tag\/cordobazo\/\" class=\"tag-cloud-link tag-link-38 tag-link-position-2\" style=\"font-size: 11pt;\" aria-label=\"Cordobazo (3 elementos)\">Cordobazo<\/a> \u00b7\n<a href=\"https:\/\/revistaguay.fahce.unlp.edu.ar\/index.php\/tag\/peronismo\/\" class=\"tag-cloud-link tag-link-51 tag-link-position-3\" style=\"font-size: 11pt;\" aria-label=\"Peronismo (1 elemento)\">Peronismo<\/a> \n\t\t<\/div>\n\t\t\t\t<\/div>\n\t\t\t\t\t<\/div>\n\t\t<\/div>\n\t\t\t\t\t\t\t<\/div>\n\t\t<\/section>\n\t\t\t\t<section class=\"elementor-section elementor-top-section elementor-element elementor-element-6960a666 elementor-section-boxed elementor-section-height-default elementor-section-height-default\" data-id=\"6960a666\" data-element_type=\"section\">\n\t\t\t\t\t\t<div class=\"elementor-container elementor-column-gap-default\">\n\t\t\t\t\t<div class=\"elementor-column elementor-col-100 elementor-top-column elementor-element elementor-element-5ac6f6c0\" data-id=\"5ac6f6c0\" data-element_type=\"column\">\n\t\t\t<div class=\"elementor-widget-wrap elementor-element-populated\">\n\t\t\t\t\t\t\t\t<div class=\"elementor-element elementor-element-518e85fb elementor-widget elementor-widget-spacer\" data-id=\"518e85fb\" data-element_type=\"widget\" data-widget_type=\"spacer.default\">\n\t\t\t\t<div class=\"elementor-widget-container\">\n\t\t\t\t\t<div class=\"elementor-spacer\">\n\t\t\t<div class=\"elementor-spacer-inner\"><\/div>\n\t\t<\/div>\n\t\t\t\t<\/div>\n\t\t\t\t<\/div>\n\t\t\t\t\t<\/div>\n\t\t<\/div>\n\t\t\t\t\t\t\t<\/div>\n\t\t<\/section>\n\t\t\t\t<section class=\"elementor-section elementor-top-section elementor-element elementor-element-4982a9a2 elementor-section-boxed elementor-section-height-default elementor-section-height-default\" data-id=\"4982a9a2\" data-element_type=\"section\" data-settings=\"{&quot;background_background&quot;:&quot;classic&quot;}\">\n\t\t\t\t\t\t<div class=\"elementor-container elementor-column-gap-default\">\n\t\t\t\t\t<div class=\"elementor-column elementor-col-25 elementor-top-column elementor-element elementor-element-33e7ffee\" data-id=\"33e7ffee\" data-element_type=\"column\">\n\t\t\t<div class=\"elementor-widget-wrap elementor-element-populated\">\n\t\t\t\t\t\t\t\t<div class=\"elementor-element elementor-element-afd94e3 elementor-widget elementor-widget-image\" data-id=\"afd94e3\" data-element_type=\"widget\" data-widget_type=\"image.default\">\n\t\t\t\t<div class=\"elementor-widget-container\">\n\t\t\t\t\t\t\t\t\t\t\t\t\t\t\t\t<a href=\"https:\/\/revistaguay.fahce.unlp.edu.ar\/index.php\/home-11\/\">\n\t\t\t\t\t\t\t<img decoding=\"async\" loading=\"lazy\" width=\"120\" height=\"61\" src=\"https:\/\/revistaguay.fahce.unlp.edu.ar\/wp-content\/uploads\/2019\/03\/guay-blanco3.png\" class=\"attachment-large size-large wp-image-221\" alt=\"\" \/>\t\t\t\t\t\t\t\t<\/a>\n\t\t\t\t\t\t\t\t\t\t\t\t\t\t\t<\/div>\n\t\t\t\t<\/div>\n\t\t\t\t\t<\/div>\n\t\t<\/div>\n\t\t\t\t<div class=\"elementor-column elementor-col-50 elementor-top-column elementor-element elementor-element-1521914\" data-id=\"1521914\" data-element_type=\"column\">\n\t\t\t<div class=\"elementor-widget-wrap elementor-element-populated\">\n\t\t\t\t\t\t\t\t<div class=\"elementor-element elementor-element-febb13e elementor-widget elementor-widget-heading\" data-id=\"febb13e\" data-element_type=\"widget\" data-widget_type=\"heading.default\">\n\t\t\t\t<div class=\"elementor-widget-container\">\n\t\t\t<h2 class=\"elementor-heading-title elementor-size-default\">ISSN: EN TR\u00c1MITE<\/h2>\t\t<\/div>\n\t\t\t\t<\/div>\n\t\t\t\t<div class=\"elementor-element elementor-element-40fcdb20 elementor-widget elementor-widget-text-editor\" data-id=\"40fcdb20\" data-element_type=\"widget\" data-widget_type=\"text-editor.default\">\n\t\t\t\t<div class=\"elementor-widget-container\">\n\t\t\t\t\t\t\t<p><span style=\"color: #ffffff;\"><a style=\"letter-spacing: 0px; background-color: #000000; color: #ffffff;\" href=\"http:\/\/www.fahce.unlp.edu.ar\/\" target=\"_blank\" rel=\"noopener\">Facultad de Humanidades y Ciencias de la Educaci\u00f3n | Universidad Nacional de La Plata<\/a>\u00a0<\/span><br \/>Calle 51 e\/ 124 y 125 | (1925) Ensenada | Buenos Aires | Argentina<\/p>\t\t\t\t\t\t<\/div>\n\t\t\t\t<\/div>\n\t\t\t\t\t<\/div>\n\t\t<\/div>\n\t\t\t\t<div class=\"elementor-column elementor-col-25 elementor-top-column elementor-element elementor-element-29309461\" data-id=\"29309461\" data-element_type=\"column\">\n\t\t\t<div class=\"elementor-widget-wrap elementor-element-populated\">\n\t\t\t\t\t\t\t\t<div class=\"elementor-element elementor-element-698fbe66 elementor-shape-circle e-grid-align-mobile-center elementor-grid-0 e-grid-align-center elementor-widget elementor-widget-social-icons\" data-id=\"698fbe66\" data-element_type=\"widget\" data-widget_type=\"social-icons.default\">\n\t\t\t\t<div class=\"elementor-widget-container\">\n\t\t\t\t\t<div class=\"elementor-social-icons-wrapper elementor-grid\">\n\t\t\t\t\t\t\t<span class=\"elementor-grid-item\">\n\t\t\t\t\t<a class=\"elementor-icon elementor-social-icon elementor-social-icon-facebook elementor-animation-pulse-shrink elementor-repeater-item-2fdf362\" href=\"https:\/\/www.facebook.com\/RevistaGuay\" target=\"_blank\">\n\t\t\t\t\t\t<span class=\"elementor-screen-only\">Facebook<\/span>\n\t\t\t\t\t\t\t\t\t\t\t\t\t<i class=\"fa fa-facebook\"><\/i>\n\t\t\t\t\t\t\t\t\t\t\t<\/a>\n\t\t\t\t<\/span>\n\t\t\t\t\t\t\t<span class=\"elementor-grid-item\">\n\t\t\t\t\t<a class=\"elementor-icon elementor-social-icon elementor-social-icon-twitter elementor-animation-pulse-shrink elementor-repeater-item-3c0110f\" href=\"https:\/\/twitter.com\/RevistaGuay\" target=\"_blank\">\n\t\t\t\t\t\t<span class=\"elementor-screen-only\">Twitter<\/span>\n\t\t\t\t\t\t\t\t\t\t\t\t\t<i class=\"fa fa-twitter\"><\/i>\n\t\t\t\t\t\t\t\t\t\t\t<\/a>\n\t\t\t\t<\/span>\n\t\t\t\t\t\t\t<span class=\"elementor-grid-item\">\n\t\t\t\t\t<a class=\"elementor-icon elementor-social-icon elementor-social-icon-instagram elementor-animation-pulse-shrink elementor-repeater-item-07993e9\" href=\"https:\/\/www.instagram.com\/revista.guay\/\" target=\"_blank\">\n\t\t\t\t\t\t<span class=\"elementor-screen-only\">Instagram<\/span>\n\t\t\t\t\t\t\t\t\t\t\t\t\t<i class=\"fa fa-instagram\"><\/i>\n\t\t\t\t\t\t\t\t\t\t\t<\/a>\n\t\t\t\t<\/span>\n\t\t\t\t\t\t\t<span class=\"elementor-grid-item\">\n\t\t\t\t\t<a class=\"elementor-icon elementor-social-icon elementor-social-icon-envelope elementor-animation-pulse-shrink elementor-repeater-item-6f94034\" href=\"https:\/\/revistaguay.fahce.unlp.edu.ar\/index.php\/contacto\/\" target=\"_blank\">\n\t\t\t\t\t\t<span class=\"elementor-screen-only\">Envelope<\/span>\n\t\t\t\t\t\t\t\t\t\t\t\t\t<i class=\"fa fa-envelope\"><\/i>\n\t\t\t\t\t\t\t\t\t\t\t<\/a>\n\t\t\t\t<\/span>\n\t\t\t\t\t<\/div>\n\t\t\t\t<\/div>\n\t\t\t\t<\/div>\n\t\t\t\t\t<\/div>\n\t\t<\/div>\n\t\t\t\t\t\t\t<\/div>\n\t\t<\/section>\n\t\t\t\t\t\t\t<\/div>\n\t\t","protected":false},"excerpt":{"rendered":"<p>MEMORIAS JUAN IGNACIO GARRIDO El Cordobazo organizado. La historia sin mitos (1999) de Elpidio Torres \u00a0 \u00a0\u00a0\u00a0\u00a0 En un spot para Fernando de la R\u00faa. en 1999, se pone en escena a una ni\u00f1a con guardapolvo blanco. La c\u00e1mara se le acerca y responde a las preguntas de su maestra: \u00bfpor qu\u00e9 el pueblo es &#8230; <a title=\"El Cordobazo organizado, de Elpidio Torres\" class=\"read-more\" href=\"https:\/\/revistaguay.fahce.unlp.edu.ar\/index.php\/2019\/06\/01\/el-cordobazo-organizado-de-elpidio-torres\/\">Leer m\u00e1s <span class=\"screen-reader-text\">El Cordobazo organizado, de Elpidio Torres<\/span><\/a><\/p>\n","protected":false},"author":1,"featured_media":0,"comment_status":"open","ping_status":"open","sticky":false,"template":"elementor_canvas","format":"standard","meta":{"_mi_skip_tracking":false,"_exactmetrics_sitenote_active":false,"_exactmetrics_sitenote_note":"","_exactmetrics_sitenote_category":0,"footnotes":""},"categories":[69],"tags":[59,70,283,63,71],"_links":{"self":[{"href":"https:\/\/revistaguay.fahce.unlp.edu.ar\/index.php\/wp-json\/wp\/v2\/posts\/992"}],"collection":[{"href":"https:\/\/revistaguay.fahce.unlp.edu.ar\/index.php\/wp-json\/wp\/v2\/posts"}],"about":[{"href":"https:\/\/revistaguay.fahce.unlp.edu.ar\/index.php\/wp-json\/wp\/v2\/types\/post"}],"author":[{"embeddable":true,"href":"https:\/\/revistaguay.fahce.unlp.edu.ar\/index.php\/wp-json\/wp\/v2\/users\/1"}],"replies":[{"embeddable":true,"href":"https:\/\/revistaguay.fahce.unlp.edu.ar\/index.php\/wp-json\/wp\/v2\/comments?post=992"}],"version-history":[{"count":2,"href":"https:\/\/revistaguay.fahce.unlp.edu.ar\/index.php\/wp-json\/wp\/v2\/posts\/992\/revisions"}],"predecessor-version":[{"id":3273,"href":"https:\/\/revistaguay.fahce.unlp.edu.ar\/index.php\/wp-json\/wp\/v2\/posts\/992\/revisions\/3273"}],"wp:attachment":[{"href":"https:\/\/revistaguay.fahce.unlp.edu.ar\/index.php\/wp-json\/wp\/v2\/media?parent=992"}],"wp:term":[{"taxonomy":"category","embeddable":true,"href":"https:\/\/revistaguay.fahce.unlp.edu.ar\/index.php\/wp-json\/wp\/v2\/categories?post=992"},{"taxonomy":"post_tag","embeddable":true,"href":"https:\/\/revistaguay.fahce.unlp.edu.ar\/index.php\/wp-json\/wp\/v2\/tags?post=992"}],"curies":[{"name":"wp","href":"https:\/\/api.w.org\/{rel}","templated":true}]}}